{"id":299,"date":"2019-08-03T00:00:00","date_gmt":"2019-08-03T00:00:00","guid":{"rendered":"https:\/\/vfb1.de\/vfb\/2019\/08\/03\/vfb-stuttgart-will-revanche-in-heidenheim\/"},"modified":"2019-08-03T00:00:00","modified_gmt":"2019-08-03T00:00:00","slug":"vfb-stuttgart-will-revanche-in-heidenheim","status":"publish","type":"post","link":"https:\/\/vfb1.de\/vfb\/2019\/08\/03\/vfb-stuttgart-will-revanche-in-heidenheim\/","title":{"rendered":"VfB Stuttgart will Revanche in Heidenheim"},"content":{"rendered":"<p>Der VfB Stuttgart hat schlechte Ereinnerungen das letzte Ausw\u00e4rtsspiel gegen den FC Heidenheim. In der Zweitligasaison 2016\/2017 kassierte der VfB eine 1:2-Niederlage. Und die Heidenheimer wollen den VfB auch diesmal \u00e4rgern.<br \/>\n<br \/>VfB-Trainer Tim Walter sieht seinen VfB in der Favoritenrolle, hat aber Respekt vor dem Gegner: \u0084Es wird definitiv kein einfacher Tanz. Wir m\u00fcssen geduldig sein und versuchen, unser Spiel durchzuziehen, das hei\u00dft, Heidenheim m\u00f6glichst gar nicht erst gro\u00df an den Ball kommen zu lassen\u0093, so der 43-J\u00e4hrige.<br \/>\n<br \/>Marc Oliver Kempf wird wieder als Kapit\u00e4n auflaufen. Nach der Verletzung von Marcin Kaminski und den Sperren von Maxime Awoudja sowie Luca Mack bekommt ein Routinier eine neue Chance: \u0084Da gibt es nicht allzu viele Optionen. Insofern ist es ganz klar, dass Holger Badstuber spielen wird.\u0093 Probleme hat Walter auch in der Offensive, denn laut Angaben des Vereins plagen sowohl Mario Gomez als auch Philipp Klement und Tanguy Coulibaly derzeit muskul\u00e4re Probleme.<br \/>\n(jd)<\/p>\n","protected":false},"excerpt":{"rendered":"<p>Der VfB Stuttgart hat schlechte Ereinnerungen das letzte Ausw\u00e4rtsspiel gegen den FC Heidenheim. In der Zweitligasaison 2016\/2017 kassierte der VfB&hellip;<\/p>\n","protected":false},"author":2,"featured_media":0,"comment_status":"open","ping_status":"open","sticky":false,"template":"","format":"standard","meta":{"footnotes":""},"categories":[],"tags":[],"class_list":["post-299","post","type-post","status-publish","format-standard","hentry"],"_links":{"self":[{"href":"https:\/\/vfb1.de\/vfb\/wp-json\/wp\/v2\/posts\/299","targetHints":{"allow":["GET"]}}],"collection":[{"href":"https:\/\/vfb1.de\/vfb\/wp-json\/wp\/v2\/posts"}],"about":[{"href":"https:\/\/vfb1.de\/vfb\/wp-json\/wp\/v2\/types\/post"}],"author":[{"embeddable":true,"href":"https:\/\/vfb1.de\/vfb\/wp-json\/wp\/v2\/users\/2"}],"replies":[{"embeddable":true,"href":"https:\/\/vfb1.de\/vfb\/wp-json\/wp\/v2\/comments?post=299"}],"version-history":[{"count":0,"href":"https:\/\/vfb1.de\/vfb\/wp-json\/wp\/v2\/posts\/299\/revisions"}],"wp:attachment":[{"href":"https:\/\/vfb1.de\/vfb\/wp-json\/wp\/v2\/media?parent=299"}],"wp:term":[{"taxonomy":"category","embeddable":true,"href":"https:\/\/vfb1.de\/vfb\/wp-json\/wp\/v2\/categories?post=299"},{"taxonomy":"post_tag","embeddable":true,"href":"https:\/\/vfb1.de\/vfb\/wp-json\/wp\/v2\/tags?post=299"}],"curies":[{"name":"wp","href":"https:\/\/api.w.org\/{rel}","templated":true}]}}