{"id":298,"date":"2019-08-01T00:00:00","date_gmt":"2019-08-01T00:00:00","guid":{"rendered":"https:\/\/vfb1.de\/vfb\/2019\/08\/01\/vfb-stuttgart-gegen-heidenheim-david-gegen-goliath\/"},"modified":"2019-08-01T00:00:00","modified_gmt":"2019-08-01T00:00:00","slug":"vfb-stuttgart-gegen-heidenheim-david-gegen-goliath","status":"publish","type":"post","link":"https:\/\/vfb1.de\/vfb\/2019\/08\/01\/vfb-stuttgart-gegen-heidenheim-david-gegen-goliath\/","title":{"rendered":"VfB Stuttgart gegen Heidenheim: David gegen Goliath?"},"content":{"rendered":"<p>Die Rollen vor dem neuen S\u00fcdderby scheinen klar verteilt: Der VfB Stuttgart hat einen Kader, der mit rund 75 Millionen Euro viermal so viel wert ist, wie der Kader der Heidenheimer. Als Bundesligaabsteiger scheint der VfB der der klare Favorit zu sein. Doch ist es ein Spiel des David gegen einen Goliath?<br \/>\n<br \/>Heidenheim startete zumindest erfolgreich in die neue Zweitligasaison. 3:1 gewann Heidenheim ausw\u00e4rts gegen den VfL Osnabr\u00fcck und tankte Selbstvertrauen: \u0084Wir haben da kein anderes Ziel, als den VfB zu schlagen\u0093, wird Heidenheims Vorstandsvorsitzender Holger Sanwald von einer Stuttgarter Tageszeitung zitiert. \u0084Wir brauchen aber eine Topform und einen Toptag, dann k\u00f6nnen wir es schaffen.\u0093<br \/>\n<br \/>Allerdings muss Heidenheim den Abgang seines St\u00fcrmers Robert Glatzel verkraften, der f\u00fcr sechs Millionen Euro zu Premier-League-Absteiger Cardiff City in dieser Woche wechselte. Die Personalplanung ist aber auch beim VfB noch nicht abgeschlossen. Bis zum 2. September ist der Transfermarkt in Deutschland noch ge\u00f6ffnet. Anastasios Donis scheint beim VfB bleiben zu m\u00fcssen. Es gebe \u0084im Moment keine Angebote\u0093, \u00e4u\u00dferte sich Sven Mislintat gegen\u00fcber einer Stuttgarter Tageszeitung.<br \/>\n<br \/>\u0084Man muss jetzt irgendwann \u00fcberlegen, ob man das \u00fcberhaupt noch gew\u00e4hrt. Ich glaube schon, dass er, wenn er hier bleibt, auch einen extremen Wert f\u00fcr die Mannschaft haben kann\u0093, so Mislintat weiter.<br \/>\n(rf)<\/p>\n","protected":false},"excerpt":{"rendered":"<p>Die Rollen vor dem neuen S\u00fcdderby scheinen klar verteilt: Der VfB Stuttgart hat einen Kader, der mit rund 75 Millionen&hellip;<\/p>\n","protected":false},"author":2,"featured_media":0,"comment_status":"open","ping_status":"open","sticky":false,"template":"","format":"standard","meta":{"footnotes":""},"categories":[],"tags":[],"class_list":["post-298","post","type-post","status-publish","format-standard","hentry"],"_links":{"self":[{"href":"https:\/\/vfb1.de\/vfb\/wp-json\/wp\/v2\/posts\/298","targetHints":{"allow":["GET"]}}],"collection":[{"href":"https:\/\/vfb1.de\/vfb\/wp-json\/wp\/v2\/posts"}],"about":[{"href":"https:\/\/vfb1.de\/vfb\/wp-json\/wp\/v2\/types\/post"}],"author":[{"embeddable":true,"href":"https:\/\/vfb1.de\/vfb\/wp-json\/wp\/v2\/users\/2"}],"replies":[{"embeddable":true,"href":"https:\/\/vfb1.de\/vfb\/wp-json\/wp\/v2\/comments?post=298"}],"version-history":[{"count":0,"href":"https:\/\/vfb1.de\/vfb\/wp-json\/wp\/v2\/posts\/298\/revisions"}],"wp:attachment":[{"href":"https:\/\/vfb1.de\/vfb\/wp-json\/wp\/v2\/media?parent=298"}],"wp:term":[{"taxonomy":"category","embeddable":true,"href":"https:\/\/vfb1.de\/vfb\/wp-json\/wp\/v2\/categories?post=298"},{"taxonomy":"post_tag","embeddable":true,"href":"https:\/\/vfb1.de\/vfb\/wp-json\/wp\/v2\/tags?post=298"}],"curies":[{"name":"wp","href":"https:\/\/api.w.org\/{rel}","templated":true}]}}