{"id":297,"date":"2019-07-31T00:00:00","date_gmt":"2019-07-31T00:00:00","guid":{"rendered":"https:\/\/vfb1.de\/vfb\/2019\/07\/31\/vfb-stuttgart-foerster-sieht-personalie-klinsmann-kritisch\/"},"modified":"2019-07-31T00:00:00","modified_gmt":"2019-07-31T00:00:00","slug":"vfb-stuttgart-foerster-sieht-personalie-klinsmann-kritisch","status":"publish","type":"post","link":"https:\/\/vfb1.de\/vfb\/2019\/07\/31\/vfb-stuttgart-foerster-sieht-personalie-klinsmann-kritisch\/","title":{"rendered":"VfB Stuttgart: F\u00f6rster sieht Personalie Klinsmann kritisch"},"content":{"rendered":"<p>Am 31. Juli wurde J\u00fcrgen Klinsmann 55 Jahre alt. Definitiv zu jung, um sich auf das Altenteil zur\u00fcckzuziehen. Seinen Lebensmittelpunkt hat der Schwabe zwar noch in den USA. Doch das k\u00f6nnte sich bald \u00e4ndern, wenn die Gespr\u00e4che mit&nbsp; den Aufsichtsr\u00e4ten Wilfried Porth und Hermann Ohlicher sowie dem kommissarischen Klubchef Bernd Gaiser positiv verlaufen und Klinsmann zum Vorstandschef der AG werden k\u00f6nnte.<br \/>\n<br \/>Vom baden-w\u00fcrttembergischen Ministerpr\u00e4sidenten Winfried Kretschmann wurde er als jemand bezeichnet, &quot;der von hier kommt, der zusammenf\u00fchrt und hinter dem sich die ganze VfB-Familie versammeln kann.&quot; Einen einigenden Geist w\u00e4hrend der Neuausrichtung des VfB k\u00f6nnte der Verein gut gebrauchen. Doch es gibt auch kritische Stimmen.<br \/>\n<br \/>Ex-VfB-Profi Karlheinz F\u00f6rster will nichts \u00fcberst\u00fcrzen: &quot;Man sollte von Seiten des Vereins pr\u00fcfen, ob man diese Position braucht und wie man sie dann mit wem besetzt&quot;, wird er von einer Sendeanstalt zitiert. Den VfB sieht er nach den j\u00fcngsten Personalwechseln bereits gut aufgestellt: &quot;Was den sportlichen Bereich betrifft, hat der Verein mit Thomas Hitzlsperger und Sven Mislintat zwei gute Leute, und auch die Mannschaft und der Trainer Tim Walter machen einen guten&nbsp;Eindruck.&quot;<br \/>\n<br \/>Klinsmann startete beim VfB eine Weltkarriere, wurde Nationalspieler und 1988 erstmals zu &quot;Deutschlands Fu\u00dfballer des Jahres&quot; gew\u00e4hlt. 1989 wechselte er zu Inter Mailand und spielte danach noch bei AS Monaco und Tottenham Hotspur.<br \/>\n<br \/>Nach seiner Profi-Karriere trainierte er die Nationalmannschaft. Wenig Erfolg hatte er als Trainer bei Bayern M\u00fcnchen. Dieses Gastspiel w\u00e4hrte weniger als ein Jahr. Von 2011 bis 2016 war er Coach der US-Nationalmannschaft. &nbsp;<br \/>\n(cm)<\/p>\n","protected":false},"excerpt":{"rendered":"<p>Am 31. Juli wurde J\u00fcrgen Klinsmann 55 Jahre alt. Definitiv zu jung, um sich auf das Altenteil zur\u00fcckzuziehen. Seinen Lebensmittelpunkt&hellip;<\/p>\n","protected":false},"author":2,"featured_media":0,"comment_status":"open","ping_status":"open","sticky":false,"template":"","format":"standard","meta":{"footnotes":""},"categories":[],"tags":[],"class_list":["post-297","post","type-post","status-publish","format-standard","hentry"],"_links":{"self":[{"href":"https:\/\/vfb1.de\/vfb\/wp-json\/wp\/v2\/posts\/297","targetHints":{"allow":["GET"]}}],"collection":[{"href":"https:\/\/vfb1.de\/vfb\/wp-json\/wp\/v2\/posts"}],"about":[{"href":"https:\/\/vfb1.de\/vfb\/wp-json\/wp\/v2\/types\/post"}],"author":[{"embeddable":true,"href":"https:\/\/vfb1.de\/vfb\/wp-json\/wp\/v2\/users\/2"}],"replies":[{"embeddable":true,"href":"https:\/\/vfb1.de\/vfb\/wp-json\/wp\/v2\/comments?post=297"}],"version-history":[{"count":0,"href":"https:\/\/vfb1.de\/vfb\/wp-json\/wp\/v2\/posts\/297\/revisions"}],"wp:attachment":[{"href":"https:\/\/vfb1.de\/vfb\/wp-json\/wp\/v2\/media?parent=297"}],"wp:term":[{"taxonomy":"category","embeddable":true,"href":"https:\/\/vfb1.de\/vfb\/wp-json\/wp\/v2\/categories?post=297"},{"taxonomy":"post_tag","embeddable":true,"href":"https:\/\/vfb1.de\/vfb\/wp-json\/wp\/v2\/tags?post=297"}],"curies":[{"name":"wp","href":"https:\/\/api.w.org\/{rel}","templated":true}]}}