{"id":296,"date":"2019-07-30T00:00:00","date_gmt":"2019-07-30T00:00:00","guid":{"rendered":"https:\/\/vfb1.de\/vfb\/2019\/07\/30\/vfb-stuttgart-verleiht-akolo\/"},"modified":"2019-07-30T00:00:00","modified_gmt":"2019-07-30T00:00:00","slug":"vfb-stuttgart-verleiht-akolo","status":"publish","type":"post","link":"https:\/\/vfb1.de\/vfb\/2019\/07\/30\/vfb-stuttgart-verleiht-akolo\/","title":{"rendered":"VfB Stuttgart verleiht Akolo"},"content":{"rendered":"<p>Es ist erst ein Spieltag in der neuen Saison der zweiten Liga absolviert, da dreht sich das Personalkarussell beim VfB Stuttgart weiter auf Hochtouren. Wie der Verein meldet, wechselt&nbsp; Chadrac Akolo auf Leihbasis bis zum Saisonende zum SC Amiens nach Frankreich.<br \/>\n<br \/>Im Anschluss wird der franz\u00f6sische Erstligist den Kongolesen fest verpflichten. Akolo kam im Sommer 2017 vom FC Sion zum VfB und bestritt seitdem 38 Bundesligaspiele. F\u00fcnf Treffer gingen auf das Konto des Angreifers.<br \/>\n<br \/>Durch den Transfer sucht der VfB nun nach weiterer Verst\u00e4rkung. Ein neuer St\u00fcrmer soll Akolo ersetzen. Gleichzeitig ist Bedarf f\u00fcr einen Innenverteidiger nach den Verletzungen von Sasa Kalajdzic und Marcin Kaminski. Beide verpassen die Hinrunde wegen schwerer Knieverletzungen.<br \/>\n<br \/>Kaminski wurde mittlerweile operiert: \u0084Alles ist gut verlaufen!\u0093 meldete sich Kaminski bei seinen Fans \u00fcber ein soziales Netzwerk.<br \/>\n(jd)<\/p>\n","protected":false},"excerpt":{"rendered":"<p>Es ist erst ein Spieltag in der neuen Saison der zweiten Liga absolviert, da dreht sich das Personalkarussell beim VfB&hellip;<\/p>\n","protected":false},"author":2,"featured_media":0,"comment_status":"open","ping_status":"open","sticky":false,"template":"","format":"standard","meta":{"footnotes":""},"categories":[],"tags":[],"class_list":["post-296","post","type-post","status-publish","format-standard","hentry"],"_links":{"self":[{"href":"https:\/\/vfb1.de\/vfb\/wp-json\/wp\/v2\/posts\/296","targetHints":{"allow":["GET"]}}],"collection":[{"href":"https:\/\/vfb1.de\/vfb\/wp-json\/wp\/v2\/posts"}],"about":[{"href":"https:\/\/vfb1.de\/vfb\/wp-json\/wp\/v2\/types\/post"}],"author":[{"embeddable":true,"href":"https:\/\/vfb1.de\/vfb\/wp-json\/wp\/v2\/users\/2"}],"replies":[{"embeddable":true,"href":"https:\/\/vfb1.de\/vfb\/wp-json\/wp\/v2\/comments?post=296"}],"version-history":[{"count":0,"href":"https:\/\/vfb1.de\/vfb\/wp-json\/wp\/v2\/posts\/296\/revisions"}],"wp:attachment":[{"href":"https:\/\/vfb1.de\/vfb\/wp-json\/wp\/v2\/media?parent=296"}],"wp:term":[{"taxonomy":"category","embeddable":true,"href":"https:\/\/vfb1.de\/vfb\/wp-json\/wp\/v2\/categories?post=296"},{"taxonomy":"post_tag","embeddable":true,"href":"https:\/\/vfb1.de\/vfb\/wp-json\/wp\/v2\/tags?post=296"}],"curies":[{"name":"wp","href":"https:\/\/api.w.org\/{rel}","templated":true}]}}