{"id":295,"date":"2019-07-29T00:00:00","date_gmt":"2019-07-29T00:00:00","guid":{"rendered":"https:\/\/vfb1.de\/vfb\/2019\/07\/29\/vfb-stuttgart-verhandelt-mit-klinsmann\/"},"modified":"2019-07-29T00:00:00","modified_gmt":"2019-07-29T00:00:00","slug":"vfb-stuttgart-verhandelt-mit-klinsmann","status":"publish","type":"post","link":"https:\/\/vfb1.de\/vfb\/2019\/07\/29\/vfb-stuttgart-verhandelt-mit-klinsmann\/","title":{"rendered":"VfB Stuttgart verhandelt mit Klinsmann"},"content":{"rendered":"<p>Der VfB Stuttgart ist mit einem Sieg in die Zweitligasaison gestartet und die offensivere Spielweise von VfB-Trainer Tim Walter bringt offensichtlich frischen Wind ins Gef\u00fcge. Hinter den Kulissen wird weiter flei\u00dfig an Personalien gearbeitet.<br \/>\n<br \/>Laut Bericht einer Stuttgarter Tageszeitung soll der VfB mit J\u00fcrgen Klinsmann Kontakt aufgenommen haben. \u0084Der Informationsaustausch verlief sehr positiv\u0093, wird der ehemalige Nationalspieler zitiert. Dabei bezieht er sich auf ein Treffen mit den Aufsichtsr\u00e4ten Wilfried Porth und Hermann Ohlicher sowie dem kommissarischen Clubchef Bernd Gaiser. Klinsmann soll wohl der neue Vorstandsvorsitzende der VfB Stuttgart AG werden.<br \/>\n<br \/>Borna Sosa l\u00e4sst seine Zukunft beim VfB indes offen. Der 21-j\u00e4hrige Kroate kam in der vergangenen Saison selten zum Einsatz. Gegen Hannover bereitete er das 1:0 durch Mario Gomez vor. Gegen\u00fcber&nbsp; der gr\u00f6\u00dften kroatischen Sportzeitung meinte er: \u0084Ich kann sagen, dass wirklich alles super gelaufen ist. Ich f\u00fchle mich ausgezeichnet, bin gesund und fit. Vielleicht kann ich ja wirklich so etwas wie eine Geheimwaffe werden. Zwar ist die Transferperiode noch lang, aber ich konzentriere mich voll auf den VfB Stuttgart.\u0093<br \/>\n(cm)<\/p>\n","protected":false},"excerpt":{"rendered":"<p>Der VfB Stuttgart ist mit einem Sieg in die Zweitligasaison gestartet und die offensivere Spielweise von VfB-Trainer Tim Walter bringt&hellip;<\/p>\n","protected":false},"author":2,"featured_media":0,"comment_status":"open","ping_status":"open","sticky":false,"template":"","format":"standard","meta":{"footnotes":""},"categories":[],"tags":[],"class_list":["post-295","post","type-post","status-publish","format-standard","hentry"],"_links":{"self":[{"href":"https:\/\/vfb1.de\/vfb\/wp-json\/wp\/v2\/posts\/295","targetHints":{"allow":["GET"]}}],"collection":[{"href":"https:\/\/vfb1.de\/vfb\/wp-json\/wp\/v2\/posts"}],"about":[{"href":"https:\/\/vfb1.de\/vfb\/wp-json\/wp\/v2\/types\/post"}],"author":[{"embeddable":true,"href":"https:\/\/vfb1.de\/vfb\/wp-json\/wp\/v2\/users\/2"}],"replies":[{"embeddable":true,"href":"https:\/\/vfb1.de\/vfb\/wp-json\/wp\/v2\/comments?post=295"}],"version-history":[{"count":0,"href":"https:\/\/vfb1.de\/vfb\/wp-json\/wp\/v2\/posts\/295\/revisions"}],"wp:attachment":[{"href":"https:\/\/vfb1.de\/vfb\/wp-json\/wp\/v2\/media?parent=295"}],"wp:term":[{"taxonomy":"category","embeddable":true,"href":"https:\/\/vfb1.de\/vfb\/wp-json\/wp\/v2\/categories?post=295"},{"taxonomy":"post_tag","embeddable":true,"href":"https:\/\/vfb1.de\/vfb\/wp-json\/wp\/v2\/tags?post=295"}],"curies":[{"name":"wp","href":"https:\/\/api.w.org\/{rel}","templated":true}]}}