{"id":294,"date":"2019-07-28T00:00:00","date_gmt":"2019-07-28T00:00:00","guid":{"rendered":"https:\/\/vfb1.de\/vfb\/2019\/07\/28\/vfb-stuttgart-kempf-nimmt-kapitaensrolle-an\/"},"modified":"2019-07-28T00:00:00","modified_gmt":"2019-07-28T00:00:00","slug":"vfb-stuttgart-kempf-nimmt-kapitaensrolle-an","status":"publish","type":"post","link":"https:\/\/vfb1.de\/vfb\/2019\/07\/28\/vfb-stuttgart-kempf-nimmt-kapitaensrolle-an\/","title":{"rendered":"VfB Stuttgart: Kempf nimmt Kapit\u00e4nsrolle an"},"content":{"rendered":"<p>Bis kurz vor Beginn der Partie gegen Hannover 96 war nicht klar, wer Christian Gentner in der Rolle des Kapit\u00e4ns des VfB Stuttgart beerben wird. VfB-Trainer Tim Walter machte ein gro\u00dfes Geheimnis daraus. Nun ist es Marc Oliver Kempf, der das Vertrauen des Trainers genie\u00dft und zum 20. VfB-Kapit\u00e4n des VfB seit Gr\u00fcndung der Bundesliga wurde.<br \/>\n<br \/>Walter h\u00e4lt viel von dem 24-j\u00e4hrigen Innenverteidiger. \u0084Kempfi verk\u00f6rpert Vieles. Er ist jung, dynamisch, gut am Ball, extrem zweikampfstark \u0096 und er strahlt etwas aus. Er ist jetzt in einem Alter, in dem man lernen muss, Verantwortung zu \u00fcbernehmen. Er muss die Mannschaft mitrei\u00dfen k\u00f6nnen\u0093, wird Walter von einer Stuttgarter Tageszeitung zitiert.<br \/>\n<br \/>Das klingt nach einer Hypothek, doch Kempf nahm die F\u00fchrungsrolle gut an. In zwei Testspielen hatte er bereits die Position inne. \u0084Das hat ihn befl\u00fcgelt\u0093, meint Walter.<br \/>\n<br \/>Nach der schweren Knieverletzung von Marcin Kaminski, der voraussichtlich ein halbes Jahr ausf\u00e4llt, will der VfB anscheinend \u00fcber eine weitere Neuverpflichtung nachdenken: &quot;Jetzt m\u00fcssen wir schauen, dass wir Ersatz kriegen. Ich denke, dass wir auf der Position was machen m\u00fcssen&quot;, so Walter.<br \/>\n(jd)<\/p>\n","protected":false},"excerpt":{"rendered":"<p>Bis kurz vor Beginn der Partie gegen Hannover 96 war nicht klar, wer Christian Gentner in der Rolle des Kapit\u00e4ns&hellip;<\/p>\n","protected":false},"author":2,"featured_media":0,"comment_status":"open","ping_status":"open","sticky":false,"template":"","format":"standard","meta":{"footnotes":""},"categories":[],"tags":[],"class_list":["post-294","post","type-post","status-publish","format-standard","hentry"],"_links":{"self":[{"href":"https:\/\/vfb1.de\/vfb\/wp-json\/wp\/v2\/posts\/294","targetHints":{"allow":["GET"]}}],"collection":[{"href":"https:\/\/vfb1.de\/vfb\/wp-json\/wp\/v2\/posts"}],"about":[{"href":"https:\/\/vfb1.de\/vfb\/wp-json\/wp\/v2\/types\/post"}],"author":[{"embeddable":true,"href":"https:\/\/vfb1.de\/vfb\/wp-json\/wp\/v2\/users\/2"}],"replies":[{"embeddable":true,"href":"https:\/\/vfb1.de\/vfb\/wp-json\/wp\/v2\/comments?post=294"}],"version-history":[{"count":0,"href":"https:\/\/vfb1.de\/vfb\/wp-json\/wp\/v2\/posts\/294\/revisions"}],"wp:attachment":[{"href":"https:\/\/vfb1.de\/vfb\/wp-json\/wp\/v2\/media?parent=294"}],"wp:term":[{"taxonomy":"category","embeddable":true,"href":"https:\/\/vfb1.de\/vfb\/wp-json\/wp\/v2\/categories?post=294"},{"taxonomy":"post_tag","embeddable":true,"href":"https:\/\/vfb1.de\/vfb\/wp-json\/wp\/v2\/tags?post=294"}],"curies":[{"name":"wp","href":"https:\/\/api.w.org\/{rel}","templated":true}]}}