{"id":293,"date":"2019-07-27T00:00:00","date_gmt":"2019-07-27T00:00:00","guid":{"rendered":"https:\/\/vfb1.de\/vfb\/2019\/07\/27\/vfb-stuttgart-naechster-verletzungsschock\/"},"modified":"2019-07-27T00:00:00","modified_gmt":"2019-07-27T00:00:00","slug":"vfb-stuttgart-naechster-verletzungsschock","status":"publish","type":"post","link":"https:\/\/vfb1.de\/vfb\/2019\/07\/27\/vfb-stuttgart-naechster-verletzungsschock\/","title":{"rendered":"VfB Stuttgart: N\u00e4chster Verletzungsschock"},"content":{"rendered":"<p>Nach einer halben Stunde Spielzeit ist die Hinrunde der neuen Saison f\u00fcr Abwehrspieler Marcin Kaminski bereits zu Ende. Der 27-J\u00e4hrige erlitt laut Vereinsangaben einen Kreuzbandriss im rechten Knie und wird voraussichtlich ein halbes Jahr ausfallen.<br \/>\n<br \/>Damit trifft den VfB bereits zu Saisonbeginn der zweite gro\u00dfe Verletzungsschock, denn Sasa Kalajdzic hatte sich im Testspiel gegen den SC Freiburg bereits so schwer am Knie verletzt, dass auch dieser wahrscheinlich f\u00fcr sechs Monate ausf\u00e4llt. Bei Kalajdzic wurden ein Kreuzbandriss, ein Innenbandriss und ein Au\u00dfenmeniskusriss im Knie diagnostiziert.<br \/>\n<br \/>Chadrac Akolo, Anastasios Donis und Emiliano Insua sind ebenfalls verletzt und Maxime Awoudja sah in der 85. Minute die Gelb-Rote Karte. Gegen Heidenheim stehen VfB-Trainer Tim Walter damit nur noch Holger Badstuber und Marc Oliver Kempf als Innenverteidiger zur Verf\u00fcgung.<br \/>\n(rf)<\/p>\n","protected":false},"excerpt":{"rendered":"<p>Nach einer halben Stunde Spielzeit ist die Hinrunde der neuen Saison f\u00fcr Abwehrspieler Marcin Kaminski bereits zu Ende. Der 27-J\u00e4hrige&hellip;<\/p>\n","protected":false},"author":2,"featured_media":0,"comment_status":"open","ping_status":"open","sticky":false,"template":"","format":"standard","meta":{"footnotes":""},"categories":[],"tags":[],"class_list":["post-293","post","type-post","status-publish","format-standard","hentry"],"_links":{"self":[{"href":"https:\/\/vfb1.de\/vfb\/wp-json\/wp\/v2\/posts\/293","targetHints":{"allow":["GET"]}}],"collection":[{"href":"https:\/\/vfb1.de\/vfb\/wp-json\/wp\/v2\/posts"}],"about":[{"href":"https:\/\/vfb1.de\/vfb\/wp-json\/wp\/v2\/types\/post"}],"author":[{"embeddable":true,"href":"https:\/\/vfb1.de\/vfb\/wp-json\/wp\/v2\/users\/2"}],"replies":[{"embeddable":true,"href":"https:\/\/vfb1.de\/vfb\/wp-json\/wp\/v2\/comments?post=293"}],"version-history":[{"count":0,"href":"https:\/\/vfb1.de\/vfb\/wp-json\/wp\/v2\/posts\/293\/revisions"}],"wp:attachment":[{"href":"https:\/\/vfb1.de\/vfb\/wp-json\/wp\/v2\/media?parent=293"}],"wp:term":[{"taxonomy":"category","embeddable":true,"href":"https:\/\/vfb1.de\/vfb\/wp-json\/wp\/v2\/categories?post=293"},{"taxonomy":"post_tag","embeddable":true,"href":"https:\/\/vfb1.de\/vfb\/wp-json\/wp\/v2\/tags?post=293"}],"curies":[{"name":"wp","href":"https:\/\/api.w.org\/{rel}","templated":true}]}}