{"id":291,"date":"2019-07-26T00:00:00","date_gmt":"2019-07-26T00:00:00","guid":{"rendered":"https:\/\/vfb1.de\/vfb\/2019\/07\/26\/vfb-stuttgart-kassiert-zwoelf-millionen-fuer-baumgartl\/"},"modified":"2019-07-26T00:00:00","modified_gmt":"2019-07-26T00:00:00","slug":"vfb-stuttgart-kassiert-zwoelf-millionen-fuer-baumgartl","status":"publish","type":"post","link":"https:\/\/vfb1.de\/vfb\/2019\/07\/26\/vfb-stuttgart-kassiert-zwoelf-millionen-fuer-baumgartl\/","title":{"rendered":"VfB Stuttgart kassiert zw\u00f6lf Millionen f\u00fcr Baumgartl"},"content":{"rendered":"<p>Es ist amtlich: Timo Baumgartl verl\u00e4sst nach acht Jahren den VfB Stuttgart und wechselt zu PSV Eindhoven. Daf\u00fcr kassiert der VfB zw\u00f6lf Millionen Euro Abl\u00f6se, wie eine Stuttgarter Tageszeitung meldet.<br \/>\n<br \/>Personell kann der VfB den Abgang verkraften, denn mit Marc Oliver Kempf, Marcin Kaminski, Maxime Awoudja und Holger Badstuber stehen ausreichend Verteidiger zur Verf\u00fcgung. Und die Einnahmen kann der VfB nach dem Abstieg in die zweite Liga auch gut gebrauchen.<br \/>\n<br \/>Dennoch l\u00e4sst man Baumgartl\u00f6 sicher nicht gerne ziehen: \u0084Er ist ein perfektes Beispiel daf\u00fcr, wie gut der Sprung vom Nachwuchs- und den Profibereich beim VfB gelingen kann\u0093, wird VfB-Sportdirektor Sven Mislintat zitiert. Ein Hinweis darauf, dass man ihn auch gerne weiterhin in den eigenen Reihen gesehen h\u00e4tte.<br \/>\n<br \/>Doch Baumgartl kam selbst mit dem Wunsch nach einem Wechsel auf die Verantwortlichen zu. Die abgelaufene Saison verlief entt\u00e4uschend f\u00fcr ihn. Eine Gehirnersch\u00fctterung setzte ihn au\u00dfer Gefecht. Seinen Stammplatz verlor er dadurch. Zum zweiten Mal musste er den Abstieg des VfB in die zweite Liga miterleben. Dabei hat er gr\u00f6\u00dfere Ambitionen. Die k\u00f6nnen sich nun in Eindhoven erf\u00fcllen. Dort k\u00f6nnte er bald schon in der Champions League spielen.<br \/>\n(cm)<\/p>\n","protected":false},"excerpt":{"rendered":"<p>Es ist amtlich: Timo Baumgartl verl\u00e4sst nach acht Jahren den VfB Stuttgart und wechselt zu PSV Eindhoven. Daf\u00fcr kassiert der&hellip;<\/p>\n","protected":false},"author":2,"featured_media":0,"comment_status":"open","ping_status":"open","sticky":false,"template":"","format":"standard","meta":{"footnotes":""},"categories":[],"tags":[],"class_list":["post-291","post","type-post","status-publish","format-standard","hentry"],"_links":{"self":[{"href":"https:\/\/vfb1.de\/vfb\/wp-json\/wp\/v2\/posts\/291","targetHints":{"allow":["GET"]}}],"collection":[{"href":"https:\/\/vfb1.de\/vfb\/wp-json\/wp\/v2\/posts"}],"about":[{"href":"https:\/\/vfb1.de\/vfb\/wp-json\/wp\/v2\/types\/post"}],"author":[{"embeddable":true,"href":"https:\/\/vfb1.de\/vfb\/wp-json\/wp\/v2\/users\/2"}],"replies":[{"embeddable":true,"href":"https:\/\/vfb1.de\/vfb\/wp-json\/wp\/v2\/comments?post=291"}],"version-history":[{"count":0,"href":"https:\/\/vfb1.de\/vfb\/wp-json\/wp\/v2\/posts\/291\/revisions"}],"wp:attachment":[{"href":"https:\/\/vfb1.de\/vfb\/wp-json\/wp\/v2\/media?parent=291"}],"wp:term":[{"taxonomy":"category","embeddable":true,"href":"https:\/\/vfb1.de\/vfb\/wp-json\/wp\/v2\/categories?post=291"},{"taxonomy":"post_tag","embeddable":true,"href":"https:\/\/vfb1.de\/vfb\/wp-json\/wp\/v2\/tags?post=291"}],"curies":[{"name":"wp","href":"https:\/\/api.w.org\/{rel}","templated":true}]}}