{"id":290,"date":"2019-07-26T00:00:00","date_gmt":"2019-07-26T00:00:00","guid":{"rendered":"https:\/\/vfb1.de\/vfb\/2019\/07\/26\/vfb-stuttgart-auf-eigene-staerken-besinnen\/"},"modified":"2019-07-26T00:00:00","modified_gmt":"2019-07-26T00:00:00","slug":"vfb-stuttgart-auf-eigene-staerken-besinnen","status":"publish","type":"post","link":"https:\/\/vfb1.de\/vfb\/2019\/07\/26\/vfb-stuttgart-auf-eigene-staerken-besinnen\/","title":{"rendered":"VfB Stuttgart: Auf eigene St\u00e4rken besinnen"},"content":{"rendered":"<p>Vor dem Auftakt in die neue Saison der zweiten Bundesliga gegen Hannover 96 gibt sich VfB-Trainer Tim Walter zuversichtlich. Er sei zufrieden mit den Trainingslagern. \u0084Wir sind zwar nach wie vor in der Findungsphase, aber das werden wir immer sein, weil wir uns immer weiterentwickeln und verbessern wollen\u0093, \u00e4u\u00dferte er sich vor der Partie.<br \/>\n<br \/>Das Team sei \u00fcberzeugt von sich und daher sei es auch angeraten, \u0084wenn wir auf uns und unsere St\u00e4rken schauen, statt uns am Gegner zu orientieren\u0093. Daher sei es ihm auch egal, gegen wen der VfB antritt: \u0084Wir m\u00fcssen alle 17 Ligakonkurrenten bespielen und versuchen, zu gewinnen \u0096 egal, zu welchem Zeitpunkt der Saison.\u0093<br \/>\n<br \/>In der heimischen Mercedes-Benz Arena soll der VfB seinen Fans Offensivfu\u00dfball zeigen: \u0084Wir wollen \u00fcberzeugt und mutig auftreten und ein geiles Spiel abliefern. Die Jungs sind fit, wir k\u00f6nnen laufen und arbeiten \u0096 und das m\u00fcssen wir auch.\u0093<br \/>\n<br \/>Wer als neuer Kapit\u00e4n die Mannschaft f\u00fchren wird, lie\u00df Walter noch offen. Zum Saisonauftakt werden aber die verletzten Spieler Sasa Kalajdzic, Emiliano Insua und Anastasios Donis fehlen. Luca Mack steht aufgrund einer Sperre aus seinem letzten A-Jugendspiel nicht zur Verf\u00fcgung.<br \/>\n(jd)<\/p>\n","protected":false},"excerpt":{"rendered":"<p>Vor dem Auftakt in die neue Saison der zweiten Bundesliga gegen Hannover 96 gibt sich VfB-Trainer Tim Walter zuversichtlich. Er&hellip;<\/p>\n","protected":false},"author":2,"featured_media":0,"comment_status":"open","ping_status":"open","sticky":false,"template":"","format":"standard","meta":{"footnotes":""},"categories":[],"tags":[],"class_list":["post-290","post","type-post","status-publish","format-standard","hentry"],"_links":{"self":[{"href":"https:\/\/vfb1.de\/vfb\/wp-json\/wp\/v2\/posts\/290","targetHints":{"allow":["GET"]}}],"collection":[{"href":"https:\/\/vfb1.de\/vfb\/wp-json\/wp\/v2\/posts"}],"about":[{"href":"https:\/\/vfb1.de\/vfb\/wp-json\/wp\/v2\/types\/post"}],"author":[{"embeddable":true,"href":"https:\/\/vfb1.de\/vfb\/wp-json\/wp\/v2\/users\/2"}],"replies":[{"embeddable":true,"href":"https:\/\/vfb1.de\/vfb\/wp-json\/wp\/v2\/comments?post=290"}],"version-history":[{"count":0,"href":"https:\/\/vfb1.de\/vfb\/wp-json\/wp\/v2\/posts\/290\/revisions"}],"wp:attachment":[{"href":"https:\/\/vfb1.de\/vfb\/wp-json\/wp\/v2\/media?parent=290"}],"wp:term":[{"taxonomy":"category","embeddable":true,"href":"https:\/\/vfb1.de\/vfb\/wp-json\/wp\/v2\/categories?post=290"},{"taxonomy":"post_tag","embeddable":true,"href":"https:\/\/vfb1.de\/vfb\/wp-json\/wp\/v2\/tags?post=290"}],"curies":[{"name":"wp","href":"https:\/\/api.w.org\/{rel}","templated":true}]}}