{"id":288,"date":"2019-07-23T00:00:00","date_gmt":"2019-07-23T00:00:00","guid":{"rendered":"https:\/\/vfb1.de\/vfb\/2019\/07\/23\/vfb-stuttgart-baumgartl-vor-dem-absprung\/"},"modified":"2019-07-23T00:00:00","modified_gmt":"2019-07-23T00:00:00","slug":"vfb-stuttgart-baumgartl-vor-dem-absprung","status":"publish","type":"post","link":"https:\/\/vfb1.de\/vfb\/2019\/07\/23\/vfb-stuttgart-baumgartl-vor-dem-absprung\/","title":{"rendered":"VfB Stuttgart: Baumgartl vor dem Absprung"},"content":{"rendered":"<p>Obwohl VfB-Sportdirektor Sven Mislintat dies k\u00fcrzlich verneinte, scheint Innenverteidiger Timo Baumgartl das Weite suchen zu wollen. Laut Bericht einer Stuttgarter Tageszeitung sei sich der 23-J\u00e4hrige mit dem PSV Eindhoven schon einig. Jetzt m\u00fcssten nur noch die Clubs den Transfer besiegeln.<br \/>\n<br \/>&quot;Es ist bekannt, dass der Deutsche bereits letzte Woche in Eindhoven war und eine pers\u00f6nliche Vereinbarung mit dem PSV getroffen hat\u0093, berichtet ein niederl\u00e4ndisches Online-Portal. Es w\u00fcrde um eine Abl\u00f6sesumme von zehn Millionen Euro und weitere Details des Vertrags gehen, die noch zu kl\u00e4ren seien. Baumgartl hat einen Vertrag bis 2022 ohne Ausstiegsklausel.<br \/>\n<br \/>Bei den Niederl\u00e4ndern soll Baumgartl Ex-VfB-Spieler Daniel Schwaab ersetzen. Mit Eindhoven k\u00f6nnte Baumgartl in der Champions League spielen, sofern PSV die Qualifikation gegen den FC Basel erfolgreich bestreitet.<br \/>\n(rf)<\/p>\n","protected":false},"excerpt":{"rendered":"<p>Obwohl VfB-Sportdirektor Sven Mislintat dies k\u00fcrzlich verneinte, scheint Innenverteidiger Timo Baumgartl das Weite suchen zu wollen. Laut Bericht einer Stuttgarter&hellip;<\/p>\n","protected":false},"author":2,"featured_media":0,"comment_status":"open","ping_status":"open","sticky":false,"template":"","format":"standard","meta":{"footnotes":""},"categories":[],"tags":[],"class_list":["post-288","post","type-post","status-publish","format-standard","hentry"],"_links":{"self":[{"href":"https:\/\/vfb1.de\/vfb\/wp-json\/wp\/v2\/posts\/288","targetHints":{"allow":["GET"]}}],"collection":[{"href":"https:\/\/vfb1.de\/vfb\/wp-json\/wp\/v2\/posts"}],"about":[{"href":"https:\/\/vfb1.de\/vfb\/wp-json\/wp\/v2\/types\/post"}],"author":[{"embeddable":true,"href":"https:\/\/vfb1.de\/vfb\/wp-json\/wp\/v2\/users\/2"}],"replies":[{"embeddable":true,"href":"https:\/\/vfb1.de\/vfb\/wp-json\/wp\/v2\/comments?post=288"}],"version-history":[{"count":0,"href":"https:\/\/vfb1.de\/vfb\/wp-json\/wp\/v2\/posts\/288\/revisions"}],"wp:attachment":[{"href":"https:\/\/vfb1.de\/vfb\/wp-json\/wp\/v2\/media?parent=288"}],"wp:term":[{"taxonomy":"category","embeddable":true,"href":"https:\/\/vfb1.de\/vfb\/wp-json\/wp\/v2\/categories?post=288"},{"taxonomy":"post_tag","embeddable":true,"href":"https:\/\/vfb1.de\/vfb\/wp-json\/wp\/v2\/tags?post=288"}],"curies":[{"name":"wp","href":"https:\/\/api.w.org\/{rel}","templated":true}]}}