{"id":287,"date":"2019-07-21T00:00:00","date_gmt":"2019-07-21T00:00:00","guid":{"rendered":"https:\/\/vfb1.de\/vfb\/2019\/07\/21\/vfb-stuttgart-zuversicht-nach-guter-vorbereitungsphase\/"},"modified":"2019-07-21T00:00:00","modified_gmt":"2019-07-21T00:00:00","slug":"vfb-stuttgart-zuversicht-nach-guter-vorbereitungsphase","status":"publish","type":"post","link":"https:\/\/vfb1.de\/vfb\/2019\/07\/21\/vfb-stuttgart-zuversicht-nach-guter-vorbereitungsphase\/","title":{"rendered":"VfB Stuttgart: Zuversicht nach guter Vorbereitungsphase"},"content":{"rendered":"<p>Der VfB Stuttgart musste schon einmal erleben, dass eine gute Vorbereitungsphase nicht zwangsweise auch eine gute Saison garantiert. Und so sollten die Erfolge in der Vorbereitung auf die kommende Zweitligasaison auch nicht \u00fcberbewertet werden. Doch die Anzeichen mehren sich, dass die Mission direkter Wiederaufstieg auch diesmal wieder gelingen k\u00f6nnte.<br \/>\n<br \/>Die Stimmung im Team scheint gut zu sein. Die neuen Spieler ziehen mit, der neue Trainer bringt frischen Wind und der \u00c4rger \u00fcber die verkorkste letzte Saison scheint in den Trainingslagern von Kitzb\u00fchel und St. Gallen endg\u00fcltig abgesch\u00fcttelt worden zu sein. Personell gibt es derzeit keine Sorgen. Alle Posten sind entweder besetzt oder es gibt noch interne Konkurrenzk\u00e4mpfe.<br \/>\n<br \/>In der Offensive harmonieren Mario Gomez und Nicolas Gonzalez mittlerweile gut. Da der junge Argentinier vorerst aber mit der U 23-Mannschaft seines Landes bei den panamerikanischen Spielen antritt, k\u00e4mpfen Hamadi al-Ghaddioui, Anastasios Donis und der junge Mateo Klimowicz um den Platz an der Seite des Routiniers Gomez.<br \/>\n<br \/>Der neue VfB-Trainer Tim Walter setzt auf eine Spielweise mit viel Bewegung und Flexibilit\u00e4t, in der die Mannschaft die Ballkontrolle hat. In der Vorbereitung wurden Ballverluste mit Gegentoren bestraft. Wenn der VfB hier mehr Sicherheit in die Kombinationen bekommt, d\u00fcrften Erfolge folgen. Zumindest in den Vorbereitungsspielen traf der VfB schon fast h\u00e4ufiger als in der letzten Saison.<br \/>\n(jd)<\/p>\n","protected":false},"excerpt":{"rendered":"<p>Der VfB Stuttgart musste schon einmal erleben, dass eine gute Vorbereitungsphase nicht zwangsweise auch eine gute Saison garantiert. Und so&hellip;<\/p>\n","protected":false},"author":2,"featured_media":0,"comment_status":"open","ping_status":"open","sticky":false,"template":"","format":"standard","meta":{"footnotes":""},"categories":[],"tags":[],"class_list":["post-287","post","type-post","status-publish","format-standard","hentry"],"_links":{"self":[{"href":"https:\/\/vfb1.de\/vfb\/wp-json\/wp\/v2\/posts\/287","targetHints":{"allow":["GET"]}}],"collection":[{"href":"https:\/\/vfb1.de\/vfb\/wp-json\/wp\/v2\/posts"}],"about":[{"href":"https:\/\/vfb1.de\/vfb\/wp-json\/wp\/v2\/types\/post"}],"author":[{"embeddable":true,"href":"https:\/\/vfb1.de\/vfb\/wp-json\/wp\/v2\/users\/2"}],"replies":[{"embeddable":true,"href":"https:\/\/vfb1.de\/vfb\/wp-json\/wp\/v2\/comments?post=287"}],"version-history":[{"count":0,"href":"https:\/\/vfb1.de\/vfb\/wp-json\/wp\/v2\/posts\/287\/revisions"}],"wp:attachment":[{"href":"https:\/\/vfb1.de\/vfb\/wp-json\/wp\/v2\/media?parent=287"}],"wp:term":[{"taxonomy":"category","embeddable":true,"href":"https:\/\/vfb1.de\/vfb\/wp-json\/wp\/v2\/categories?post=287"},{"taxonomy":"post_tag","embeddable":true,"href":"https:\/\/vfb1.de\/vfb\/wp-json\/wp\/v2\/tags?post=287"}],"curies":[{"name":"wp","href":"https:\/\/api.w.org\/{rel}","templated":true}]}}