{"id":286,"date":"2019-07-20T00:00:00","date_gmt":"2019-07-20T00:00:00","guid":{"rendered":"https:\/\/vfb1.de\/vfb\/2019\/07\/20\/vfb-stuttgart-kalajdzic-schwer-verletzt\/"},"modified":"2019-07-20T00:00:00","modified_gmt":"2019-07-20T00:00:00","slug":"vfb-stuttgart-kalajdzic-schwer-verletzt","status":"publish","type":"post","link":"https:\/\/vfb1.de\/vfb\/2019\/07\/20\/vfb-stuttgart-kalajdzic-schwer-verletzt\/","title":{"rendered":"VfB Stuttgart: Kalajdzic schwer verletzt"},"content":{"rendered":"<p>Horrordiagnose f\u00fcr Sasa Kalajdzic: Im Testspiel gegen den SC Freiburg hat sich der Mittelst\u00fcrmer schwer am Knie verletzt. Die Untersuchung ergab laut Vereinsangaben einen Kreuzbandriss, einen Innenbandriss und einen Au\u00dfenmeniskusriss im Knie.<br \/>\n<br \/>Dem jungen \u00d6sterreicher, der gerade erst von Admira Wacker M\u00f6dling zum VfB gekommen war, droht nach einer Operation nun eine Zwangspause von voraussichtlich sechs bis acht Monate.<br \/>\n<br \/>VfB-Sportdirektor Sven Mislintat muss die Nachricht noch verdauen: \u0084Das ist eine extrem bittere Nachricht f\u00fcr Sasa und nat\u00fcrlich auch f\u00fcr uns. Sasa hat sich in der kurzen Zeit seit seinem Wechsel zum VfB sehr schnell in der neuen Umgebung zurechtgefunden und sehr gute Leistungen gezeigt. Die Verletzung ist ein Schock f\u00fcr uns alle, den wir erstmal verdauen m\u00fcssen.\u0093<br \/>\n(cm)<\/p>\n","protected":false},"excerpt":{"rendered":"<p>Horrordiagnose f\u00fcr Sasa Kalajdzic: Im Testspiel gegen den SC Freiburg hat sich der Mittelst\u00fcrmer schwer am Knie verletzt. Die Untersuchung&hellip;<\/p>\n","protected":false},"author":2,"featured_media":0,"comment_status":"open","ping_status":"open","sticky":false,"template":"","format":"standard","meta":{"footnotes":""},"categories":[],"tags":[],"class_list":["post-286","post","type-post","status-publish","format-standard","hentry"],"_links":{"self":[{"href":"https:\/\/vfb1.de\/vfb\/wp-json\/wp\/v2\/posts\/286","targetHints":{"allow":["GET"]}}],"collection":[{"href":"https:\/\/vfb1.de\/vfb\/wp-json\/wp\/v2\/posts"}],"about":[{"href":"https:\/\/vfb1.de\/vfb\/wp-json\/wp\/v2\/types\/post"}],"author":[{"embeddable":true,"href":"https:\/\/vfb1.de\/vfb\/wp-json\/wp\/v2\/users\/2"}],"replies":[{"embeddable":true,"href":"https:\/\/vfb1.de\/vfb\/wp-json\/wp\/v2\/comments?post=286"}],"version-history":[{"count":0,"href":"https:\/\/vfb1.de\/vfb\/wp-json\/wp\/v2\/posts\/286\/revisions"}],"wp:attachment":[{"href":"https:\/\/vfb1.de\/vfb\/wp-json\/wp\/v2\/media?parent=286"}],"wp:term":[{"taxonomy":"category","embeddable":true,"href":"https:\/\/vfb1.de\/vfb\/wp-json\/wp\/v2\/categories?post=286"},{"taxonomy":"post_tag","embeddable":true,"href":"https:\/\/vfb1.de\/vfb\/wp-json\/wp\/v2\/tags?post=286"}],"curies":[{"name":"wp","href":"https:\/\/api.w.org\/{rel}","templated":true}]}}