{"id":284,"date":"2019-07-19T00:00:00","date_gmt":"2019-07-19T00:00:00","guid":{"rendered":"https:\/\/vfb1.de\/vfb\/2019\/07\/19\/vfb-stuttgart-ob-will-praesident-werden\/"},"modified":"2019-07-19T00:00:00","modified_gmt":"2019-07-19T00:00:00","slug":"vfb-stuttgart-ob-will-praesident-werden","status":"publish","type":"post","link":"https:\/\/vfb1.de\/vfb\/2019\/07\/19\/vfb-stuttgart-ob-will-praesident-werden\/","title":{"rendered":"VfB Stuttgart: OB will Pr\u00e4sident werden"},"content":{"rendered":"<p>Nach dem R\u00fccktritt des umstrittenen Wolfgang Dietrich als Pr\u00e4sident des VfB Stuttgart hat die Suche nach einem Nachfolger begonnen. J\u00fcrgen Klinsmann wird dabei h\u00e4ufig als Wunschkandidat genannt. Nun hat jedoch \u00fcberraschend eine ganz andere Person den Hut bereits in den Ring geworfen.<br \/>\n<br \/>Schorndorfs Oberb\u00fcrgermeister Mathias Klopfer glaubt, dass er die geeignete Person f\u00fcr den Posten sein k\u00f6nnte: \u0084Wenn man in der \u00f6ffentlichen Wahrnehmung so tief im Keller ist wie der VfB derzeit, braucht es einen Teamplayer an der Spitze. Wenn es mal knirscht, gilt es, gemeinsam einen Konsens zu finden.\u0093 Daf\u00fcr sei der 51-J\u00e4hrige in seinem Amt als Oberb\u00fcrgermeister fast schon pr\u00e4destiniert.<br \/>\n<br \/>Er habe gelernt, \u0084Menschen miteinander zu verbinden und sich selbst auch mal zur\u00fcckzunehmen. Als Oberb\u00fcrgermeister arbeite ich f\u00fcr das Gemeinwohl \u0096 und als VfB-Pr\u00e4sident w\u00fcrde ich f\u00fcr das Vereinswohl arbeiten. Gleichzeitig kann ich als Politiker auch regional denken\u0093, wird er von einer Stuttgarter Tageszeitung zitiert.<br \/>\n<br \/>Klopfer ist selbst VfB-Mitglied. Die Geschicke von Schorndorf w\u00fcrde er im Falle einer Amts\u00fcbernahme beim VfB aber weiterhin lenken wollen: \u0084Ich habe mich entschieden, beides gleichzeitig zu machen. Aktuell w\u00fcrde ich meine Unabh\u00e4ngigkeit als direkt gew\u00e4hlter B\u00fcrgermeister nicht aufgeben.\u0093<br \/>\n(jd)<\/p>\n","protected":false},"excerpt":{"rendered":"<p>Nach dem R\u00fccktritt des umstrittenen Wolfgang Dietrich als Pr\u00e4sident des VfB Stuttgart hat die Suche nach einem Nachfolger begonnen. J\u00fcrgen&hellip;<\/p>\n","protected":false},"author":2,"featured_media":0,"comment_status":"open","ping_status":"open","sticky":false,"template":"","format":"standard","meta":{"footnotes":""},"categories":[],"tags":[],"class_list":["post-284","post","type-post","status-publish","format-standard","hentry"],"_links":{"self":[{"href":"https:\/\/vfb1.de\/vfb\/wp-json\/wp\/v2\/posts\/284","targetHints":{"allow":["GET"]}}],"collection":[{"href":"https:\/\/vfb1.de\/vfb\/wp-json\/wp\/v2\/posts"}],"about":[{"href":"https:\/\/vfb1.de\/vfb\/wp-json\/wp\/v2\/types\/post"}],"author":[{"embeddable":true,"href":"https:\/\/vfb1.de\/vfb\/wp-json\/wp\/v2\/users\/2"}],"replies":[{"embeddable":true,"href":"https:\/\/vfb1.de\/vfb\/wp-json\/wp\/v2\/comments?post=284"}],"version-history":[{"count":0,"href":"https:\/\/vfb1.de\/vfb\/wp-json\/wp\/v2\/posts\/284\/revisions"}],"wp:attachment":[{"href":"https:\/\/vfb1.de\/vfb\/wp-json\/wp\/v2\/media?parent=284"}],"wp:term":[{"taxonomy":"category","embeddable":true,"href":"https:\/\/vfb1.de\/vfb\/wp-json\/wp\/v2\/categories?post=284"},{"taxonomy":"post_tag","embeddable":true,"href":"https:\/\/vfb1.de\/vfb\/wp-json\/wp\/v2\/tags?post=284"}],"curies":[{"name":"wp","href":"https:\/\/api.w.org\/{rel}","templated":true}]}}