{"id":283,"date":"2019-07-18T00:00:00","date_gmt":"2019-07-18T00:00:00","guid":{"rendered":"https:\/\/vfb1.de\/vfb\/2019\/07\/18\/vfb-stuttgart-ohne-insua-und-donis-gegen-freiburg\/"},"modified":"2019-07-18T00:00:00","modified_gmt":"2019-07-18T00:00:00","slug":"vfb-stuttgart-ohne-insua-und-donis-gegen-freiburg","status":"publish","type":"post","link":"https:\/\/vfb1.de\/vfb\/2019\/07\/18\/vfb-stuttgart-ohne-insua-und-donis-gegen-freiburg\/","title":{"rendered":"VfB Stuttgart: Ohne Insua und Donis gegen Freiburg"},"content":{"rendered":"<p>Der VfB Stuttgart bestreitet noch ein weiteres Testspiel, ehe es in der zweiten Bundesliga ernst wird. Am Freitag tritt der VfB gegen den SC Freiburg an. Gespielt wird viermal 30 Minuten.<br \/>\n<br \/>Das Testspiel wird der VfB allerdings ohne Emiliano Insua und Anastasios Donis bestreiten. Wie der Verein berichtet, klagen beide \u00fcber muskul\u00e4re Probleme und stehen daher nicht f\u00fcr einen Einsatz im \u00f6sterreichischen Schruns zur Verf\u00fcgung. Beim Start in die neue Saison eine Woche sp\u00e4ter sollten die beiden Profis aber wieder spielbereit sein.<br \/>\n<br \/>Timo Baumgartl ist unterdessen wieder zum VfB zur\u00fcckgekehrt und hat das Training aufgenommen. Nachdem er aufgrund der Teilnahme an der U21-Europameisterschaft noch Urlaub hatte, beginnt er sp\u00e4ter mit den Vorbereitungen auf die Zweitligasaison.&nbsp;<br \/>\n(jd)<\/p>\n","protected":false},"excerpt":{"rendered":"<p>Der VfB Stuttgart bestreitet noch ein weiteres Testspiel, ehe es in der zweiten Bundesliga ernst wird. Am Freitag tritt der&hellip;<\/p>\n","protected":false},"author":2,"featured_media":0,"comment_status":"open","ping_status":"open","sticky":false,"template":"","format":"standard","meta":{"footnotes":""},"categories":[],"tags":[],"class_list":["post-283","post","type-post","status-publish","format-standard","hentry"],"_links":{"self":[{"href":"https:\/\/vfb1.de\/vfb\/wp-json\/wp\/v2\/posts\/283","targetHints":{"allow":["GET"]}}],"collection":[{"href":"https:\/\/vfb1.de\/vfb\/wp-json\/wp\/v2\/posts"}],"about":[{"href":"https:\/\/vfb1.de\/vfb\/wp-json\/wp\/v2\/types\/post"}],"author":[{"embeddable":true,"href":"https:\/\/vfb1.de\/vfb\/wp-json\/wp\/v2\/users\/2"}],"replies":[{"embeddable":true,"href":"https:\/\/vfb1.de\/vfb\/wp-json\/wp\/v2\/comments?post=283"}],"version-history":[{"count":0,"href":"https:\/\/vfb1.de\/vfb\/wp-json\/wp\/v2\/posts\/283\/revisions"}],"wp:attachment":[{"href":"https:\/\/vfb1.de\/vfb\/wp-json\/wp\/v2\/media?parent=283"}],"wp:term":[{"taxonomy":"category","embeddable":true,"href":"https:\/\/vfb1.de\/vfb\/wp-json\/wp\/v2\/categories?post=283"},{"taxonomy":"post_tag","embeddable":true,"href":"https:\/\/vfb1.de\/vfb\/wp-json\/wp\/v2\/tags?post=283"}],"curies":[{"name":"wp","href":"https:\/\/api.w.org\/{rel}","templated":true}]}}