{"id":282,"date":"2019-07-17T00:00:00","date_gmt":"2019-07-17T00:00:00","guid":{"rendered":"https:\/\/vfb1.de\/vfb\/2019\/07\/17\/vfb-stuttgart-laesst-talent-ziehen\/"},"modified":"2019-07-17T00:00:00","modified_gmt":"2019-07-17T00:00:00","slug":"vfb-stuttgart-laesst-talent-ziehen","status":"publish","type":"post","link":"https:\/\/vfb1.de\/vfb\/2019\/07\/17\/vfb-stuttgart-laesst-talent-ziehen\/","title":{"rendered":"VfB Stuttgart l\u00e4sst Talent ziehen"},"content":{"rendered":"<p>Der VfB Stuttgart hat zwar seine Kaderplanung f\u00fcr die kommende Zweitligasaison abgeschlossen. Dennoch tut sich noch einiges in der zweiten Reihe. Mit Leon Dajaku l\u00e4sst der VfB Stuttgart ein Talent ziehen.<br \/>Wie der Verein meldet, wird der 18-J\u00e4hrige an den FC Bayern M\u00fcnchen verkauft.<br \/>\n Dajaku war einer von f\u00fcnf Nachwuchsspielern, die sich in der Saisonvorbereitung f\u00fcr den Profikader empfehlen konnten. \u0084Die T\u00fcr ist sperrangelweit offen. Aber durchgehen m\u00fcssen sie schon selbst\u0093, \u00e4u\u00dferte sich VfB-Sportdirektor Sven Mislintat zuletzt. Dajaku war der Sprung offenbar nicht zugetraut worden. Der Verkauf bringt dem VfB nach Angaben einer Stuttgarter Tageszeitung eine Abl\u00f6sesumme im siebenstelligen Bereich ein.<br \/>\n<br \/>Gleichzeitig wird David Kopacz nach Polen zu G\u00f3rnik Zabrze verliehen. Der 20-j\u00e4hrige Mittelfeldspieler und polnische Jugendnationalspieler soll dort ein Jahr beim Erstligisten Spielpraxis sammeln. \u0084F\u00fcr Davids weitere Entwicklung ist es sehr wichtig, auf Vereinsebene regelm\u00e4\u00dfig zum Einsatz zu kommen\u0093, so Mislintat.<br \/>\n<br \/>Der VfB hat unterdessen weitere Entscheidungen nach dem R\u00fccktritt von Pr\u00e4sident Wolfgang Dietrich getroffen. In einer Sondersitzung des Vereinsbeirats wurde Hans H. Pfeifer interimsweise als zus\u00e4tzliches Mitglied ins Vereinspr\u00e4sidium berufen. Bis zur au\u00dferordentlichen Mitgliederversammlung wird er zusammen mit Vizepr\u00e4sident Dr. Bernd Gaiser die Gesch\u00e4fte f\u00fchren. Vom Amt als Vereinsbeirat trat er daher zur\u00fcck. Der Aufsichtsrat hat au\u00dferdem Dr. Bernd Gaiser f\u00fcr die Zeit bis zur Wahl eines neuen Pr\u00e4sidenten zum Aufsichtsratsvorsitzenden gew\u00e4hlt.<br \/>\n(cm)<\/p>\n","protected":false},"excerpt":{"rendered":"<p>Der VfB Stuttgart hat zwar seine Kaderplanung f\u00fcr die kommende Zweitligasaison abgeschlossen. Dennoch tut sich noch einiges in der zweiten&hellip;<\/p>\n","protected":false},"author":2,"featured_media":0,"comment_status":"open","ping_status":"open","sticky":false,"template":"","format":"standard","meta":{"footnotes":""},"categories":[],"tags":[],"class_list":["post-282","post","type-post","status-publish","format-standard","hentry"],"_links":{"self":[{"href":"https:\/\/vfb1.de\/vfb\/wp-json\/wp\/v2\/posts\/282","targetHints":{"allow":["GET"]}}],"collection":[{"href":"https:\/\/vfb1.de\/vfb\/wp-json\/wp\/v2\/posts"}],"about":[{"href":"https:\/\/vfb1.de\/vfb\/wp-json\/wp\/v2\/types\/post"}],"author":[{"embeddable":true,"href":"https:\/\/vfb1.de\/vfb\/wp-json\/wp\/v2\/users\/2"}],"replies":[{"embeddable":true,"href":"https:\/\/vfb1.de\/vfb\/wp-json\/wp\/v2\/comments?post=282"}],"version-history":[{"count":0,"href":"https:\/\/vfb1.de\/vfb\/wp-json\/wp\/v2\/posts\/282\/revisions"}],"wp:attachment":[{"href":"https:\/\/vfb1.de\/vfb\/wp-json\/wp\/v2\/media?parent=282"}],"wp:term":[{"taxonomy":"category","embeddable":true,"href":"https:\/\/vfb1.de\/vfb\/wp-json\/wp\/v2\/categories?post=282"},{"taxonomy":"post_tag","embeddable":true,"href":"https:\/\/vfb1.de\/vfb\/wp-json\/wp\/v2\/tags?post=282"}],"curies":[{"name":"wp","href":"https:\/\/api.w.org\/{rel}","templated":true}]}}