{"id":281,"date":"2019-07-16T00:00:00","date_gmt":"2019-07-16T00:00:00","guid":{"rendered":"https:\/\/vfb1.de\/vfb\/2019\/07\/16\/vfb-stuttgart-gutachter-sollen-technikdebakel-klaeren\/"},"modified":"2019-07-16T00:00:00","modified_gmt":"2019-07-16T00:00:00","slug":"vfb-stuttgart-gutachter-sollen-technikdebakel-klaeren","status":"publish","type":"post","link":"https:\/\/vfb1.de\/vfb\/2019\/07\/16\/vfb-stuttgart-gutachter-sollen-technikdebakel-klaeren\/","title":{"rendered":"VfB Stuttgart: Gutachter sollen Technikdebakel kl\u00e4ren"},"content":{"rendered":"<p>VfB-Vizepr\u00e4sident Bernd Gaiser und der Beiratsvorsitzende Wolf-Dietrich Erhard haben sich bei den Fans f\u00fcr das Chaos bei der abgebrochenen Mitgliederversammlung entschuldigt. Gleichzeitig k\u00fcndigt der Verein an, das Technikdebakel durch einen Gutachter kl\u00e4ren zu lassen.<br \/>\n<br \/>Der Zusammenbruch des WLAN-Netzes, das zur Abstimmung eingerichtet wurde, \u0084ist unentschuldbar und absolut inakzeptabel\u0093, so der Verein. &quot;Wir wollen genau wissen, warum ein technisches System, welches wir schon bei einer fr\u00fcheren Mitgliederversammlung eingesetzt haben und problemlos funktionierte (au\u00dferdem auch auf anderen Gro\u00dfveranstaltungen regelm\u00e4\u00dfig eingesetzt wird), so versagte.&quot;<br \/>\n<br \/>Nach dem R\u00fccktritt von VfB-Pr\u00e4sident Wolfgang Dietrich w\u00fcnscht sich der baden-w\u00fcrttembergische Ministerpr\u00e4sident Winfried Kretschmann nun J\u00fcrgen Klinsmann zur\u00fcck in die Reihen des Vereins. Via Facebook verk\u00fcndete er: \u0084Der Verein braucht jetzt eine Pers\u00f6nlichkeit mit Fu\u00dfballkompetenz, die ausschlie\u00dflich das Interesse des Vereins im Blick hat. Jemand der von hier kommt, der zusammenf\u00fchrt und hinter dem sich die ganze VfB-Familie versammeln kann. Als VfB-Fan w\u00fcrde mir da aber schon jemand einfallen, den ich letztes Jahr in Kalifornien getroffen habe und der den Brustring definitiv im Herzen tr\u00e4gt.\u0093 Kretschmann traf Klinsmann vor einem Jahr im Rahmen einer Nordamerika-Reise.<br \/>\n(rf)<\/p>\n","protected":false},"excerpt":{"rendered":"<p>VfB-Vizepr\u00e4sident Bernd Gaiser und der Beiratsvorsitzende Wolf-Dietrich Erhard haben sich bei den Fans f\u00fcr das Chaos bei der abgebrochenen Mitgliederversammlung&hellip;<\/p>\n","protected":false},"author":2,"featured_media":0,"comment_status":"open","ping_status":"open","sticky":false,"template":"","format":"standard","meta":{"footnotes":""},"categories":[],"tags":[],"class_list":["post-281","post","type-post","status-publish","format-standard","hentry"],"_links":{"self":[{"href":"https:\/\/vfb1.de\/vfb\/wp-json\/wp\/v2\/posts\/281","targetHints":{"allow":["GET"]}}],"collection":[{"href":"https:\/\/vfb1.de\/vfb\/wp-json\/wp\/v2\/posts"}],"about":[{"href":"https:\/\/vfb1.de\/vfb\/wp-json\/wp\/v2\/types\/post"}],"author":[{"embeddable":true,"href":"https:\/\/vfb1.de\/vfb\/wp-json\/wp\/v2\/users\/2"}],"replies":[{"embeddable":true,"href":"https:\/\/vfb1.de\/vfb\/wp-json\/wp\/v2\/comments?post=281"}],"version-history":[{"count":0,"href":"https:\/\/vfb1.de\/vfb\/wp-json\/wp\/v2\/posts\/281\/revisions"}],"wp:attachment":[{"href":"https:\/\/vfb1.de\/vfb\/wp-json\/wp\/v2\/media?parent=281"}],"wp:term":[{"taxonomy":"category","embeddable":true,"href":"https:\/\/vfb1.de\/vfb\/wp-json\/wp\/v2\/categories?post=281"},{"taxonomy":"post_tag","embeddable":true,"href":"https:\/\/vfb1.de\/vfb\/wp-json\/wp\/v2\/tags?post=281"}],"curies":[{"name":"wp","href":"https:\/\/api.w.org\/{rel}","templated":true}]}}