{"id":280,"date":"2019-07-15T00:00:00","date_gmt":"2019-07-15T00:00:00","guid":{"rendered":"https:\/\/vfb1.de\/vfb\/2019\/07\/15\/vfb-stuttgart-dietrich-wirft-das-handtuch\/"},"modified":"2019-07-15T00:00:00","modified_gmt":"2019-07-15T00:00:00","slug":"vfb-stuttgart-dietrich-wirft-das-handtuch","status":"publish","type":"post","link":"https:\/\/vfb1.de\/vfb\/2019\/07\/15\/vfb-stuttgart-dietrich-wirft-das-handtuch\/","title":{"rendered":"VfB Stuttgart: Dietrich wirft das Handtuch"},"content":{"rendered":"<p>Der VfB Stuttgart hat sich bei der Mitgliederversammlung gr\u00fcndlich blamiert. Diese musste abgebrochen werden, nachdem das WLAN-Netz zusammenbrach. Eine Abstimmung \u00fcber den Verbleib von VfB-Pr\u00e4sident Wolfgang Dietrich war so nicht m\u00f6glich. Nun kommt er dieser mit seinem R\u00fccktritt zuvor, den er bis kurz vor der Mitgliederversammlung trotz anhaltender Kritik vehement ausschloss.<br \/>\n<br \/>&quot;Ich kann und will nicht mehr verantwortlich f\u00fcr alles gemacht werden, was beim VfB Stuttgart berechtigt oder unberechtigt nicht gut funktioniert&quot;, kommentierte der 70-J\u00e4hrige seine Entscheidung in einem Sozialen Netzwerk. Den Grad an &quot;Feindseligkeit und H\u00e4me&quot;, den er auf der Mitgliederversammlung erlebt habe, h\u00e4tte er &quot;nicht f\u00fcr m\u00f6glich gehalten&quot;.<br \/>\n<br \/>Dietrich tritt laut Angaben des Vereins auch als Vorsitzender des Aufsichtsrats zur\u00fcck. Der Vereinsbeirat k\u00fcmmert sich um eine kommissarische Besetzung des Pr\u00e4sidiums bis zur n\u00e4chsten Mitgliederversammlung.<br \/>\n(cm)<\/p>\n","protected":false},"excerpt":{"rendered":"<p>Der VfB Stuttgart hat sich bei der Mitgliederversammlung gr\u00fcndlich blamiert. Diese musste abgebrochen werden, nachdem das WLAN-Netz zusammenbrach. Eine Abstimmung&hellip;<\/p>\n","protected":false},"author":2,"featured_media":0,"comment_status":"open","ping_status":"open","sticky":false,"template":"","format":"standard","meta":{"footnotes":""},"categories":[],"tags":[],"class_list":["post-280","post","type-post","status-publish","format-standard","hentry"],"_links":{"self":[{"href":"https:\/\/vfb1.de\/vfb\/wp-json\/wp\/v2\/posts\/280","targetHints":{"allow":["GET"]}}],"collection":[{"href":"https:\/\/vfb1.de\/vfb\/wp-json\/wp\/v2\/posts"}],"about":[{"href":"https:\/\/vfb1.de\/vfb\/wp-json\/wp\/v2\/types\/post"}],"author":[{"embeddable":true,"href":"https:\/\/vfb1.de\/vfb\/wp-json\/wp\/v2\/users\/2"}],"replies":[{"embeddable":true,"href":"https:\/\/vfb1.de\/vfb\/wp-json\/wp\/v2\/comments?post=280"}],"version-history":[{"count":0,"href":"https:\/\/vfb1.de\/vfb\/wp-json\/wp\/v2\/posts\/280\/revisions"}],"wp:attachment":[{"href":"https:\/\/vfb1.de\/vfb\/wp-json\/wp\/v2\/media?parent=280"}],"wp:term":[{"taxonomy":"category","embeddable":true,"href":"https:\/\/vfb1.de\/vfb\/wp-json\/wp\/v2\/categories?post=280"},{"taxonomy":"post_tag","embeddable":true,"href":"https:\/\/vfb1.de\/vfb\/wp-json\/wp\/v2\/tags?post=280"}],"curies":[{"name":"wp","href":"https:\/\/api.w.org\/{rel}","templated":true}]}}