{"id":278,"date":"2019-07-14T00:00:00","date_gmt":"2019-07-14T00:00:00","guid":{"rendered":"https:\/\/vfb1.de\/vfb\/2019\/07\/14\/vfb-stuttgart-gewinnt-gegen-basel\/"},"modified":"2019-07-14T00:00:00","modified_gmt":"2019-07-14T00:00:00","slug":"vfb-stuttgart-gewinnt-gegen-basel","status":"publish","type":"post","link":"https:\/\/vfb1.de\/vfb\/2019\/07\/14\/vfb-stuttgart-gewinnt-gegen-basel\/","title":{"rendered":"VfB Stuttgart gewinnt gegen Basel"},"content":{"rendered":"<p>Der VfB Stuttgart feiert einen erfolgreichen Abschluss seines zweiten Trainingslagers in St. Gallen. In einem Freundschaftsspiel gegen den FC Basel, der ebenso wie der VfB im Jahre 1893 gegr\u00fcndet wurde, geht der VfB als Sieger vom Platz.<br \/>\n<br \/>Die Partie begann denkbar ung\u00fcnstig f\u00fcr den VfB. In der zweiten Minute lenkte David Gr\u00f6zinger den Ball nach einer Ecke ins eigene Tor zur 1:0-F\u00fchrung f\u00fcr die Schweizer ab. In der 28. Minute erzielte Santiago Ascacibar den Ausgleich, nachdem er eine Flanke von Marcin Kaminski direkt abnahm.<br \/>\n<br \/>Der erfolgreichen Aktion folgte allerdings kurz danach eine folgenreiche Nachl\u00e4ssigkeit. Ricky van Wolfswinkel nutzte einen Fehlpass des VfB und schloss zum 2:1 f\u00fcr Basel ab. In der 43. Minute erzielte Marcin Kaminski nach einer Ecke den erneuten Ausgleich zum 2:2.<br \/>\n<br \/>In der zweiten H\u00e4lfte hatte der VfB das Spiel dann zwar besser im Griff, konnte dies aber zun\u00e4chst nicht in Tore umm\u00fcnzen. In der 71. Minute markierte dann Nicolas Gonzalez den 3:2-Siegtreffer f\u00fcr den VfB.<br \/>\n<br \/>VfB-Cheftrainer Tim Walter ist \u00fcberzeugt davon, dass die Mannschaft Fortschritte gemacht hat: \u0084Auch wenn nach den intensiven Tagen die Beine schwer und die K\u00f6pfe m\u00fcde waren, haben wir immer weiter gemacht und uns von Fehlern und Gegentoren nicht aus der Ruhe bringen lassen. Wir wissen, dass wir Tore erzielen k\u00f6nnen und haben diese dann auch gemacht. So eine Mentalit\u00e4t und eine Freude am Spiel brauchen wir.\u0093<br \/>\n(jd)<\/p>\n","protected":false},"excerpt":{"rendered":"<p>Der VfB Stuttgart feiert einen erfolgreichen Abschluss seines zweiten Trainingslagers in St. Gallen. In einem Freundschaftsspiel gegen den FC Basel,&hellip;<\/p>\n","protected":false},"author":2,"featured_media":0,"comment_status":"open","ping_status":"open","sticky":false,"template":"","format":"standard","meta":{"footnotes":""},"categories":[],"tags":[],"class_list":["post-278","post","type-post","status-publish","format-standard","hentry"],"_links":{"self":[{"href":"https:\/\/vfb1.de\/vfb\/wp-json\/wp\/v2\/posts\/278","targetHints":{"allow":["GET"]}}],"collection":[{"href":"https:\/\/vfb1.de\/vfb\/wp-json\/wp\/v2\/posts"}],"about":[{"href":"https:\/\/vfb1.de\/vfb\/wp-json\/wp\/v2\/types\/post"}],"author":[{"embeddable":true,"href":"https:\/\/vfb1.de\/vfb\/wp-json\/wp\/v2\/users\/2"}],"replies":[{"embeddable":true,"href":"https:\/\/vfb1.de\/vfb\/wp-json\/wp\/v2\/comments?post=278"}],"version-history":[{"count":0,"href":"https:\/\/vfb1.de\/vfb\/wp-json\/wp\/v2\/posts\/278\/revisions"}],"wp:attachment":[{"href":"https:\/\/vfb1.de\/vfb\/wp-json\/wp\/v2\/media?parent=278"}],"wp:term":[{"taxonomy":"category","embeddable":true,"href":"https:\/\/vfb1.de\/vfb\/wp-json\/wp\/v2\/categories?post=278"},{"taxonomy":"post_tag","embeddable":true,"href":"https:\/\/vfb1.de\/vfb\/wp-json\/wp\/v2\/tags?post=278"}],"curies":[{"name":"wp","href":"https:\/\/api.w.org\/{rel}","templated":true}]}}