{"id":2777,"date":"2023-01-20T14:13:32","date_gmt":"2023-01-20T14:13:32","guid":{"rendered":"https:\/\/vfb1.de\/vfb\/?p=2777"},"modified":"2023-01-20T14:13:33","modified_gmt":"2023-01-20T14:13:33","slug":"vfb-stuttgart-strafanzeige-gegen-praesidium","status":"publish","type":"post","link":"https:\/\/vfb1.de\/vfb\/2023\/01\/20\/vfb-stuttgart-strafanzeige-gegen-praesidium\/","title":{"rendered":"VfB Stuttgart: Strafanzeige gegen Pr\u00e4sidium"},"content":{"rendered":"\n<p>Der VfB Stuttgart bereitet sich auf das n\u00e4chste Bundesligaspiel gegen Mainz 05 vor und m\u00f6chte mit einem Erfolgserlebnis ins neue Jahr starten, um m\u00f6glichst am Ende noch die Kurve zu kriegen und den Klassenerhalt zu schaffen. Der VfB Stuttgart e.V. dagegen d\u00fcrfte so schnell nicht zur Ruhe kommen. Laut Meldung eines Branchendienstes pr\u00fcft die Staatsanwaltschaft Stuttgart Ermittlungen gegen Personen des VfB. Au\u00dferdem wurde der Eingang einer Strafanzeige best\u00e4tigt.<br><br>Letztere soll sich gegen das VfB-Pr\u00e4sidium um Claus Vogt und dessen Stellvertreter Rainer Adrion und Christian Riethm\u00fcller richten. Die Staatsanwaltschaft befinde sich noch in der Phase der Vorpr\u00fcfung. Die m\u00f6gliche Veruntreuung von Vereinsgeldern werde darin vorgeworfen. Die Strafanzeige sei bereits Ende des vergangenen Jahres von einem VfB-Mitglied aus Ulm erstattet worden.<br><br>Seit Wochen gibt es Diskussionen und Gutachten mit unterschiedlichen Ergebnissen zu einem eventuellen Satzungsversto\u00df des Vereinsbeirats Marc Nikolai Schlecht, der als Teamarzt f\u00fcr die Oberliga-Frauen-Mannschaft des VfB t\u00e4tig war, die im Herbst r\u00fcckwirkend zum Juli 2022 vom VfB e. V. in die VfB AG ausgegliedert wurde, wodurch Vorw\u00fcrfe wegen einer laut Satzung verbotenen Doppelt\u00e4tigkeit f\u00fcr e. V. und AG laut wurden.<br><br>In der Folge traten k\u00fcrzlich die beiden Vereinsbeir\u00e4te Susanne Schlosser und Martin Bizer von ihren \u00c4mtern zur\u00fcck und erhoben Anschuldigungen, welche vom Vereinsbeirat wiederum zur\u00fcckgewiesen wurden.<\/p>\n\n\n\n<p>(jd)<\/p>\n","protected":false},"excerpt":{"rendered":"<p>Der VfB Stuttgart bereitet sich auf das n\u00e4chste Bundesligaspiel gegen Mainz 05 vor und m\u00f6chte mit einem Erfolgserlebnis ins neue&hellip;<\/p>\n","protected":false},"author":2,"featured_media":0,"comment_status":"open","ping_status":"open","sticky":false,"template":"","format":"standard","meta":{"footnotes":""},"categories":[1],"tags":[],"class_list":["post-2777","post","type-post","status-publish","format-standard","hentry","category-uncategorized"],"_links":{"self":[{"href":"https:\/\/vfb1.de\/vfb\/wp-json\/wp\/v2\/posts\/2777","targetHints":{"allow":["GET"]}}],"collection":[{"href":"https:\/\/vfb1.de\/vfb\/wp-json\/wp\/v2\/posts"}],"about":[{"href":"https:\/\/vfb1.de\/vfb\/wp-json\/wp\/v2\/types\/post"}],"author":[{"embeddable":true,"href":"https:\/\/vfb1.de\/vfb\/wp-json\/wp\/v2\/users\/2"}],"replies":[{"embeddable":true,"href":"https:\/\/vfb1.de\/vfb\/wp-json\/wp\/v2\/comments?post=2777"}],"version-history":[{"count":1,"href":"https:\/\/vfb1.de\/vfb\/wp-json\/wp\/v2\/posts\/2777\/revisions"}],"predecessor-version":[{"id":2778,"href":"https:\/\/vfb1.de\/vfb\/wp-json\/wp\/v2\/posts\/2777\/revisions\/2778"}],"wp:attachment":[{"href":"https:\/\/vfb1.de\/vfb\/wp-json\/wp\/v2\/media?parent=2777"}],"wp:term":[{"taxonomy":"category","embeddable":true,"href":"https:\/\/vfb1.de\/vfb\/wp-json\/wp\/v2\/categories?post=2777"},{"taxonomy":"post_tag","embeddable":true,"href":"https:\/\/vfb1.de\/vfb\/wp-json\/wp\/v2\/tags?post=2777"}],"curies":[{"name":"wp","href":"https:\/\/api.w.org\/{rel}","templated":true}]}}