{"id":277,"date":"2019-07-13T00:00:00","date_gmt":"2019-07-13T00:00:00","guid":{"rendered":"https:\/\/vfb1.de\/vfb\/2019\/07\/13\/vfb-stuttgart-berthold-fordert-dietrich-heraus\/"},"modified":"2019-07-13T00:00:00","modified_gmt":"2019-07-13T00:00:00","slug":"vfb-stuttgart-berthold-fordert-dietrich-heraus","status":"publish","type":"post","link":"https:\/\/vfb1.de\/vfb\/2019\/07\/13\/vfb-stuttgart-berthold-fordert-dietrich-heraus\/","title":{"rendered":"VfB Stuttgart: Berthold fordert Dietrich heraus"},"content":{"rendered":"<p>Vor der Mitgliederversammlung des VfB Stuttgart erhitzen sich die Gem\u00fcter. Unter anderem geht es um die Ab- oder Wiederwahl des umstrittenen Pr\u00e4sidenten Wolfgang Dietrich. 65 Mitglieder haben laut Angaben einer Stuttgarter Tageszeitung einen Antrag auf Abwahl gestellt. 75 Prozent der Stimmen w\u00e4ren am Sonntag n\u00f6tig, damit Dietrich seinen Hut nehmen muss. Herausfordern will ihn der fr\u00fchere Weltmeister Thomas Berthold.<br \/>\n<br \/>\u0084Ich werfe meinen Hut in den Ring. Beim VfB muss es eine nachhaltige Richtungs\u00e4nderung geben\u0093, wird der 54-j\u00e4hrige ehemalige VfB-Profi zitiert. Eine Zusammenarbeit mit Wolfgang Dietrich schlie\u00dfe er aus. Selbst im Falle von Dietrichs Best\u00e4tigung will Berthold nicht aufgeben und im n\u00e4chsten Jahr erneut antreten, wenn turnusgem\u00e4\u00df die Pr\u00e4sidentenwahl durchgef\u00fchrt wird.<br \/>\n<br \/>Der VfB Stuttgart hat mittlerweile Anzeige gegen einige Anh\u00e4nger erstattet, die Beleidigungen und Drohungen gegen den amtierenden Pr\u00e4sidenten auf Plakaten in der Stadt und im Internet ver\u00f6ffentlicht hatten. \u0084Wir bejahen den Anfangsverdacht. Es wurde nach unserer Auffassung und der des Vereins eine rote Linie \u00fcberschritten\u0093, \u00e4u\u00dferte sich Stuttgarts Polizeipr\u00e4sident Franz Lutz dazu \u0084Es gibt jedenfalls eine Vielzahl von Todesdrohungen. Zurzeit bewerten wir das gemeinsam mit der Staatsanwaltschaft\u0093, so Lutz weiter.<br \/>\n(cm)<\/p>\n","protected":false},"excerpt":{"rendered":"<p>Vor der Mitgliederversammlung des VfB Stuttgart erhitzen sich die Gem\u00fcter. Unter anderem geht es um die Ab- oder Wiederwahl des&hellip;<\/p>\n","protected":false},"author":2,"featured_media":0,"comment_status":"open","ping_status":"open","sticky":false,"template":"","format":"standard","meta":{"footnotes":""},"categories":[],"tags":[],"class_list":["post-277","post","type-post","status-publish","format-standard","hentry"],"_links":{"self":[{"href":"https:\/\/vfb1.de\/vfb\/wp-json\/wp\/v2\/posts\/277","targetHints":{"allow":["GET"]}}],"collection":[{"href":"https:\/\/vfb1.de\/vfb\/wp-json\/wp\/v2\/posts"}],"about":[{"href":"https:\/\/vfb1.de\/vfb\/wp-json\/wp\/v2\/types\/post"}],"author":[{"embeddable":true,"href":"https:\/\/vfb1.de\/vfb\/wp-json\/wp\/v2\/users\/2"}],"replies":[{"embeddable":true,"href":"https:\/\/vfb1.de\/vfb\/wp-json\/wp\/v2\/comments?post=277"}],"version-history":[{"count":0,"href":"https:\/\/vfb1.de\/vfb\/wp-json\/wp\/v2\/posts\/277\/revisions"}],"wp:attachment":[{"href":"https:\/\/vfb1.de\/vfb\/wp-json\/wp\/v2\/media?parent=277"}],"wp:term":[{"taxonomy":"category","embeddable":true,"href":"https:\/\/vfb1.de\/vfb\/wp-json\/wp\/v2\/categories?post=277"},{"taxonomy":"post_tag","embeddable":true,"href":"https:\/\/vfb1.de\/vfb\/wp-json\/wp\/v2\/tags?post=277"}],"curies":[{"name":"wp","href":"https:\/\/api.w.org\/{rel}","templated":true}]}}