{"id":276,"date":"2019-07-12T00:00:00","date_gmt":"2019-07-12T00:00:00","guid":{"rendered":"https:\/\/vfb1.de\/vfb\/2019\/07\/12\/vfb-stuttgart-beendet-kaderplanung\/"},"modified":"2019-07-12T00:00:00","modified_gmt":"2019-07-12T00:00:00","slug":"vfb-stuttgart-beendet-kaderplanung","status":"publish","type":"post","link":"https:\/\/vfb1.de\/vfb\/2019\/07\/12\/vfb-stuttgart-beendet-kaderplanung\/","title":{"rendered":"VfB Stuttgart beendet Kaderplanung"},"content":{"rendered":"<p>Der VfB Stuttgart hat seine Kaderplanung abgeschlossen. Am Rande des zweiten Trainingslagers des VfB Stuttgart in St. Gallen \u00e4u\u00dferte sich jedenfalls Sportdirektor Sven Mislintat in dieser Richtung.<br \/>\n<br \/>&quot;Wir haben im Moment das Gef\u00fchl, dass wir im Allgemeinen jetzt nicht super intensiv noch irgendetwas suchen m\u00fcssen. Wir glauben, dass wir eine hohe Konkurrenzf\u00e4higkeit innerhalb der Truppe, aber auch innerhalb der Liga hergestellt haben.&quot; Verpflichtungen von Spielern seien nat\u00fcrlich noch m\u00f6glich. Der VfB sei aber nicht auf der &quot;aktiven Suche&quot;.<br \/>\n<br \/>Somit d\u00fcrfte der 18-j\u00e4hrige Franzose Tanguy Coulibaly die Kaderplanung als vermutlich letzter Neuzugang beendet haben. Coulibaly kommt abl\u00f6sefrei von Paris St-Germain zum VfB und hat einen Vertrag der bis zum 30. Juni 2023 l\u00e4uft.<br \/>\n<br \/>Seine Ziele hat er jedenfalls hoch gesteckt: Er w\u00fcrde gerne in die Fu\u00dfstapfen von Benjamin Pavard treten, der beim VfB zum Nationalspieler f\u00fcr die Franzosen geworden ist und in dieser Saison zum FC Bayern M\u00fcnchen wechselte. \u0084Warum soll ich es ihm nicht nachmachen\u0093, so der 18-J\u00e4hrige.<br \/>\n(cm)<\/p>\n","protected":false},"excerpt":{"rendered":"<p>Der VfB Stuttgart hat seine Kaderplanung abgeschlossen. Am Rande des zweiten Trainingslagers des VfB Stuttgart in St. Gallen \u00e4u\u00dferte sich&hellip;<\/p>\n","protected":false},"author":2,"featured_media":0,"comment_status":"open","ping_status":"open","sticky":false,"template":"","format":"standard","meta":{"footnotes":""},"categories":[],"tags":[],"class_list":["post-276","post","type-post","status-publish","format-standard","hentry"],"_links":{"self":[{"href":"https:\/\/vfb1.de\/vfb\/wp-json\/wp\/v2\/posts\/276","targetHints":{"allow":["GET"]}}],"collection":[{"href":"https:\/\/vfb1.de\/vfb\/wp-json\/wp\/v2\/posts"}],"about":[{"href":"https:\/\/vfb1.de\/vfb\/wp-json\/wp\/v2\/types\/post"}],"author":[{"embeddable":true,"href":"https:\/\/vfb1.de\/vfb\/wp-json\/wp\/v2\/users\/2"}],"replies":[{"embeddable":true,"href":"https:\/\/vfb1.de\/vfb\/wp-json\/wp\/v2\/comments?post=276"}],"version-history":[{"count":0,"href":"https:\/\/vfb1.de\/vfb\/wp-json\/wp\/v2\/posts\/276\/revisions"}],"wp:attachment":[{"href":"https:\/\/vfb1.de\/vfb\/wp-json\/wp\/v2\/media?parent=276"}],"wp:term":[{"taxonomy":"category","embeddable":true,"href":"https:\/\/vfb1.de\/vfb\/wp-json\/wp\/v2\/categories?post=276"},{"taxonomy":"post_tag","embeddable":true,"href":"https:\/\/vfb1.de\/vfb\/wp-json\/wp\/v2\/tags?post=276"}],"curies":[{"name":"wp","href":"https:\/\/api.w.org\/{rel}","templated":true}]}}