{"id":275,"date":"2019-07-12T00:00:00","date_gmt":"2019-07-12T00:00:00","guid":{"rendered":"https:\/\/vfb1.de\/vfb\/2019\/07\/12\/vfb-stuttgart-mangala-ist-zurueck\/"},"modified":"2019-07-12T00:00:00","modified_gmt":"2019-07-12T00:00:00","slug":"vfb-stuttgart-mangala-ist-zurueck","status":"publish","type":"post","link":"https:\/\/vfb1.de\/vfb\/2019\/07\/12\/vfb-stuttgart-mangala-ist-zurueck\/","title":{"rendered":"VfB Stuttgart: Mangala ist zur\u00fcck"},"content":{"rendered":"<p>Orel Mangala wurde f\u00fcr ein Jahr an den Hamburger SV ausgeliehen und konnte dort Spielpraxis sammeln. Nun ist der 21-J\u00e4hrige zum VfB Stuttgart zur\u00fcckgekehrt und steht vor seiner Bew\u00e4hrungsprobe im Mittelfeld.<br \/>\n29 Zweitliga-Spiele machte er f\u00fcr den HSV und passt mit seinen jungen Jahren bestens in das verj\u00fcngte Team. Dort muss er jedoch seinen Platz neu finden: \u0084Wir haben viel Neuzug\u00e4nge, da ist es wichtig, dass wir in der jetzigen Phase viel miteinander reden und als Mannschaft zusammenwachsen.\u0093<br \/>\nMangala spielte noch im Juni mit Belgiens U21-Nationalmannschaft bei der Europameisterschaft und hat leichten Trainingsr\u00fcckstand im Vergleich zu seinen Mitspielern. Den will er im zweiten Trainingslager des VfB in St. Gallen aufholen: \u0084Nat\u00fcrlich brauche ich noch ein bisschen Zeit, um die Anforderungen des Trainers zu verinnerlichen. Daf\u00fcr stehe ich aber jeden Tag auf dem Platz und arbeite hart an mir, um am Ende auch hoffentlich viele Spiele zu machen.\u0093<br \/>\n(rf)<\/p>\n","protected":false},"excerpt":{"rendered":"<p>Orel Mangala wurde f\u00fcr ein Jahr an den Hamburger SV ausgeliehen und konnte dort Spielpraxis sammeln. Nun ist der 21-J\u00e4hrige&hellip;<\/p>\n","protected":false},"author":2,"featured_media":0,"comment_status":"open","ping_status":"open","sticky":false,"template":"","format":"standard","meta":{"footnotes":""},"categories":[],"tags":[],"class_list":["post-275","post","type-post","status-publish","format-standard","hentry"],"_links":{"self":[{"href":"https:\/\/vfb1.de\/vfb\/wp-json\/wp\/v2\/posts\/275","targetHints":{"allow":["GET"]}}],"collection":[{"href":"https:\/\/vfb1.de\/vfb\/wp-json\/wp\/v2\/posts"}],"about":[{"href":"https:\/\/vfb1.de\/vfb\/wp-json\/wp\/v2\/types\/post"}],"author":[{"embeddable":true,"href":"https:\/\/vfb1.de\/vfb\/wp-json\/wp\/v2\/users\/2"}],"replies":[{"embeddable":true,"href":"https:\/\/vfb1.de\/vfb\/wp-json\/wp\/v2\/comments?post=275"}],"version-history":[{"count":0,"href":"https:\/\/vfb1.de\/vfb\/wp-json\/wp\/v2\/posts\/275\/revisions"}],"wp:attachment":[{"href":"https:\/\/vfb1.de\/vfb\/wp-json\/wp\/v2\/media?parent=275"}],"wp:term":[{"taxonomy":"category","embeddable":true,"href":"https:\/\/vfb1.de\/vfb\/wp-json\/wp\/v2\/categories?post=275"},{"taxonomy":"post_tag","embeddable":true,"href":"https:\/\/vfb1.de\/vfb\/wp-json\/wp\/v2\/tags?post=275"}],"curies":[{"name":"wp","href":"https:\/\/api.w.org\/{rel}","templated":true}]}}