{"id":274,"date":"2019-06-30T00:00:00","date_gmt":"2019-06-30T00:00:00","guid":{"rendered":"https:\/\/vfb1.de\/vfb\/2019\/06\/30\/daempfer-fuer-den-vfb-stuttgart\/"},"modified":"2019-06-30T00:00:00","modified_gmt":"2019-06-30T00:00:00","slug":"daempfer-fuer-den-vfb-stuttgart","status":"publish","type":"post","link":"https:\/\/vfb1.de\/vfb\/2019\/06\/30\/daempfer-fuer-den-vfb-stuttgart\/","title":{"rendered":"D\u00e4mpfer f\u00fcr den VfB Stuttgart"},"content":{"rendered":"<p>Der VfB Stuttgart hat zum Abschluss des Trainingslagers in Kitzb\u00fchel einen D\u00e4mpfer erlitten und im Testspiel gegen die Young Boys Bern mit 1:3 verloren.<br \/>\n<br \/>Es dauerte nur vier Minuten, ehe der Schweizer Meister einen Ballverlust der Stuttgarter nutzten und Guillaume Hoarau mit einem Kopfball die 1:0-F\u00fchrung erzielte. Daniel Didavi vergab in der 17. Minute die Chance auf den Ausgleich mit einem Freisto\u00df aus 25 Metern. In der 25. Minute passte Santiago Ascacibar auf Nicolas Gonzalez, der mit einem flachen Schuss den 1:1-Ausgleich erzielte.<br \/>\n<br \/>Pascal Stenzel und Daniel Didavi scheiterten danach am Schweizer Torh\u00fcter. Im Gegenzug rettete VfB-Keeper Gregor Kobel gegen Nicolas Moumi Ngamaleu und Pedro Teixeira. In der 45. Minute gelang Jean Pierre Nsame mit einem satten Schuss dann doch noch der erneute F\u00fchrungstreffer zum 2:1 f\u00fcr Bern.<br \/>\n<br \/>Auch in der zweiten H\u00e4lfte hatten die Schweizer ein leichtes spielerisches \u00dcbergewicht. Ulisses Garcia setzte in der 70. Minute einen Freisto\u00df an die Latte. Drei Minuten sp\u00e4ter pariert Keeper Jens Grahl einen Kopfball von Toulan Seferi. In der 83. Minute setzte Esteban Petignat den Schlusspunkt zum 3:1 f\u00fcr die Schweizer.<br \/>\n<br \/>VfB-Trainer Tim Walter sah die Niederlage gelassen: \u0084Wenn wir den Gegner in der ersten Halbzeit nicht zum Tore schie\u00dfen einladen, dann ist das Spiel auf unserer Seite. Mit dem Gegentor kurz vor der Pause sind die K\u00f6pfe der Spieler ein wenig nach unten gegangen, dann hat man auch die M\u00fcdigkeit durch die intensiven Trainingstage gesp\u00fcrt.\u0093<br \/>\n(rf)<\/p>\n","protected":false},"excerpt":{"rendered":"<p>Der VfB Stuttgart hat zum Abschluss des Trainingslagers in Kitzb\u00fchel einen D\u00e4mpfer erlitten und im Testspiel gegen die Young Boys&hellip;<\/p>\n","protected":false},"author":2,"featured_media":0,"comment_status":"open","ping_status":"open","sticky":false,"template":"","format":"standard","meta":{"footnotes":""},"categories":[],"tags":[],"class_list":["post-274","post","type-post","status-publish","format-standard","hentry"],"_links":{"self":[{"href":"https:\/\/vfb1.de\/vfb\/wp-json\/wp\/v2\/posts\/274","targetHints":{"allow":["GET"]}}],"collection":[{"href":"https:\/\/vfb1.de\/vfb\/wp-json\/wp\/v2\/posts"}],"about":[{"href":"https:\/\/vfb1.de\/vfb\/wp-json\/wp\/v2\/types\/post"}],"author":[{"embeddable":true,"href":"https:\/\/vfb1.de\/vfb\/wp-json\/wp\/v2\/users\/2"}],"replies":[{"embeddable":true,"href":"https:\/\/vfb1.de\/vfb\/wp-json\/wp\/v2\/comments?post=274"}],"version-history":[{"count":0,"href":"https:\/\/vfb1.de\/vfb\/wp-json\/wp\/v2\/posts\/274\/revisions"}],"wp:attachment":[{"href":"https:\/\/vfb1.de\/vfb\/wp-json\/wp\/v2\/media?parent=274"}],"wp:term":[{"taxonomy":"category","embeddable":true,"href":"https:\/\/vfb1.de\/vfb\/wp-json\/wp\/v2\/categories?post=274"},{"taxonomy":"post_tag","embeddable":true,"href":"https:\/\/vfb1.de\/vfb\/wp-json\/wp\/v2\/tags?post=274"}],"curies":[{"name":"wp","href":"https:\/\/api.w.org\/{rel}","templated":true}]}}