{"id":273,"date":"2019-06-29T00:00:00","date_gmt":"2019-06-29T00:00:00","guid":{"rendered":"https:\/\/vfb1.de\/vfb\/2019\/06\/29\/vfb-stuttgart-trainer-ist-optimistisch\/"},"modified":"2019-06-29T00:00:00","modified_gmt":"2019-06-29T00:00:00","slug":"vfb-stuttgart-trainer-ist-optimistisch","status":"publish","type":"post","link":"https:\/\/vfb1.de\/vfb\/2019\/06\/29\/vfb-stuttgart-trainer-ist-optimistisch\/","title":{"rendered":"VfB Stuttgart: Trainer ist optimistisch"},"content":{"rendered":"<p>VfB-Sportvorstand Thomas Hitzlsperger will nicht zu viel in eine gute Vorbereitung hinein interpretieren. Der VfB stieg schlie\u00dflich schon einmal aus der ersten Liga ab, nachdem er in der Vorbereitung in allen Testspielen ohne Niederlage geblieben war. VfB-Trainer Tim Walter zeigt sich dennoch optimistisch und zieht ein positives Fazit des ersten Trainingslagers in Kitzb\u00fchel.<br \/>\n<br \/>\u0084Ich bin sehr zufrieden, wie alle es annehmen. Auch wenn sie manchmal gegen Ende der Einheiten wieder in alte Muster zur\u00fcckfallen\u0093, \u00e4u\u00dferte er sich kurz vor dem abschlie\u00dfenden Testspiel gegen den Schweizer Meister Young Boys Bern.<br \/>\n<br \/>Bis zum Saisonstart in gut einem Monat gegen Mitabsteiger Hannover 96 will er die Z\u00fcgel aber nicht schleifen lassen: \u0084Bei uns gibt es nur Vollgas \u0096 schlie\u00dflich verlange ich das in den Pflichtspielen ja auch \u0096 und dazu m\u00fcssen dann alle bereit sein.\u0093<br \/>\n<br \/>Am Freitag, 26. Juli, startet der VfB zu Hause in der Mercedes-Benz Arena gegen Hannover 96 in die Zweitligasaison. Eine Woche geht es ausw\u00e4rts zum Derby gegen den 1. FC Heidenheim.<br \/>\n(cm)<\/p>\n","protected":false},"excerpt":{"rendered":"<p>VfB-Sportvorstand Thomas Hitzlsperger will nicht zu viel in eine gute Vorbereitung hinein interpretieren. Der VfB stieg schlie\u00dflich schon einmal aus&hellip;<\/p>\n","protected":false},"author":2,"featured_media":0,"comment_status":"open","ping_status":"open","sticky":false,"template":"","format":"standard","meta":{"footnotes":""},"categories":[],"tags":[],"class_list":["post-273","post","type-post","status-publish","format-standard","hentry"],"_links":{"self":[{"href":"https:\/\/vfb1.de\/vfb\/wp-json\/wp\/v2\/posts\/273","targetHints":{"allow":["GET"]}}],"collection":[{"href":"https:\/\/vfb1.de\/vfb\/wp-json\/wp\/v2\/posts"}],"about":[{"href":"https:\/\/vfb1.de\/vfb\/wp-json\/wp\/v2\/types\/post"}],"author":[{"embeddable":true,"href":"https:\/\/vfb1.de\/vfb\/wp-json\/wp\/v2\/users\/2"}],"replies":[{"embeddable":true,"href":"https:\/\/vfb1.de\/vfb\/wp-json\/wp\/v2\/comments?post=273"}],"version-history":[{"count":0,"href":"https:\/\/vfb1.de\/vfb\/wp-json\/wp\/v2\/posts\/273\/revisions"}],"wp:attachment":[{"href":"https:\/\/vfb1.de\/vfb\/wp-json\/wp\/v2\/media?parent=273"}],"wp:term":[{"taxonomy":"category","embeddable":true,"href":"https:\/\/vfb1.de\/vfb\/wp-json\/wp\/v2\/categories?post=273"},{"taxonomy":"post_tag","embeddable":true,"href":"https:\/\/vfb1.de\/vfb\/wp-json\/wp\/v2\/tags?post=273"}],"curies":[{"name":"wp","href":"https:\/\/api.w.org\/{rel}","templated":true}]}}