{"id":271,"date":"2019-06-27T00:00:00","date_gmt":"2019-06-27T00:00:00","guid":{"rendered":"https:\/\/vfb1.de\/vfb\/2019\/06\/27\/vfb-stuttgart-kabak-wird-ein-schalker\/"},"modified":"2019-06-27T00:00:00","modified_gmt":"2019-06-27T00:00:00","slug":"vfb-stuttgart-kabak-wird-ein-schalker","status":"publish","type":"post","link":"https:\/\/vfb1.de\/vfb\/2019\/06\/27\/vfb-stuttgart-kabak-wird-ein-schalker\/","title":{"rendered":"VfB Stuttgart: Kabak wird ein Schalker"},"content":{"rendered":"<p>Innenverteidiger Ozan Kabak war einer der wenigen Lichtblicke in der Mannschaft des VfB Stuttgart in der abgelaufenen Saison und trumpfte gro\u00df auf. Dank einer Ausstiegsklausel, die durch den Abstieg in die zweite Liga in Kraft tritt, verl\u00e4sst er den VfB allerdings schon nach weniger als einem Jahr wieder. Laut Bericht einer Stuttgarter Tageszeitung wechselt er zu Schalke 04.<br \/>\n<br \/>Zahlreiche europ\u00e4ische Clubs hatten Interesse an dem 19-J\u00e4hrigen angemeldet. F\u00fcr 15 Millionen Euro soll er nun zu den K\u00f6nigsblauen wechseln. Dort zieht Ex-VfB-Manager Michael Reschke mittlerweile die F\u00e4den als Sportdirektor.<br \/>\n<br \/>Reschke holte Kabak im Januar von Galatasaray Istanbul zum VfB. Kabak wollte in der Bundesliga bleiben und in Schalke sind die Chancen auf einen Stammplatz wesentlich gr\u00f6\u00dfer als beim FC Bayern M\u00fcnchen. Indirekt best\u00e4tigte VfB-Sportvorstand Thomas Hitzslperger den Wechsel: \u0084Ein Ende ist in Sicht.\u0093<br \/>\n(cm)<\/p>\n","protected":false},"excerpt":{"rendered":"<p>Innenverteidiger Ozan Kabak war einer der wenigen Lichtblicke in der Mannschaft des VfB Stuttgart in der abgelaufenen Saison und trumpfte&hellip;<\/p>\n","protected":false},"author":2,"featured_media":0,"comment_status":"open","ping_status":"open","sticky":false,"template":"","format":"standard","meta":{"footnotes":""},"categories":[],"tags":[],"class_list":["post-271","post","type-post","status-publish","format-standard","hentry"],"_links":{"self":[{"href":"https:\/\/vfb1.de\/vfb\/wp-json\/wp\/v2\/posts\/271","targetHints":{"allow":["GET"]}}],"collection":[{"href":"https:\/\/vfb1.de\/vfb\/wp-json\/wp\/v2\/posts"}],"about":[{"href":"https:\/\/vfb1.de\/vfb\/wp-json\/wp\/v2\/types\/post"}],"author":[{"embeddable":true,"href":"https:\/\/vfb1.de\/vfb\/wp-json\/wp\/v2\/users\/2"}],"replies":[{"embeddable":true,"href":"https:\/\/vfb1.de\/vfb\/wp-json\/wp\/v2\/comments?post=271"}],"version-history":[{"count":0,"href":"https:\/\/vfb1.de\/vfb\/wp-json\/wp\/v2\/posts\/271\/revisions"}],"wp:attachment":[{"href":"https:\/\/vfb1.de\/vfb\/wp-json\/wp\/v2\/media?parent=271"}],"wp:term":[{"taxonomy":"category","embeddable":true,"href":"https:\/\/vfb1.de\/vfb\/wp-json\/wp\/v2\/categories?post=271"},{"taxonomy":"post_tag","embeddable":true,"href":"https:\/\/vfb1.de\/vfb\/wp-json\/wp\/v2\/tags?post=271"}],"curies":[{"name":"wp","href":"https:\/\/api.w.org\/{rel}","templated":true}]}}