{"id":269,"date":"2019-06-26T00:00:00","date_gmt":"2019-06-26T00:00:00","guid":{"rendered":"https:\/\/vfb1.de\/vfb\/2019\/06\/26\/vfb-stuttgart-hitzlsperger-will-direkten-wiederaufstieg\/"},"modified":"2019-06-26T00:00:00","modified_gmt":"2019-06-26T00:00:00","slug":"vfb-stuttgart-hitzlsperger-will-direkten-wiederaufstieg","status":"publish","type":"post","link":"https:\/\/vfb1.de\/vfb\/2019\/06\/26\/vfb-stuttgart-hitzlsperger-will-direkten-wiederaufstieg\/","title":{"rendered":"VfB Stuttgart: Hitzlsperger will direkten Wiederaufstieg"},"content":{"rendered":"<p>Zu Beginn der vergangenen Saison lie\u00dfen die Verantwortlichen des VfB Stuttgart verlauten, dass der VfB mit dem Abstieg nichts zu tun haben werde. Zu hoch sei die Qualit\u00e4t des Kaders. Doch da hatten sie sich verkalkuliert, denn diese Qualit\u00e4t kam nie zum Tragen und mit 28 Punkten fuhr der VfB das schlechteste Ergebnis seiner Vereinsgeschichte ein. Auch die Chance in der Relegation lie\u00df der VfB verstreichen. Nun setzt VfB-Sportvorstand Thomas Hitzlsperger alles daran, um die zweite Liga schnell hinter sich zu lassen.<br \/>\n<br \/>\u0084Wir wollen im ersten Jahr wieder aufsteigen\u0093, sagt er gegen\u00fcber einer deutschen Tageszeitung. Die Mannschaft nahm am 19. Juni die Vorbereitung auf die neue Saison auf. Mittlerweile befindet sie sich im Trainingslager in Kitzb\u00fchel.<br \/>\n<br \/>\u0084In der neuen Saison wollen wir vieles anders machen\u0093, verspricht der 37-J\u00e4hrige. Daher baut er die Mannschaft um und setzt auf junge Spieler mit Zweitligaerfahrung: \u0084Wir wollen eine Mannschaft haben, die auf dem Platz eine Einheit ist. Ein Team aus Spielern, die Vollgas geben f\u00fcr den Verein, die die richtige Einstellung haben. Die spielerische Qualit\u00e4t darf dabei nicht auf der Strecke bleiben.\u0093 Der Spieleretat soll von bislang 60 auf rund 40 Millionen Euro schrumpfen.<br \/>\n<br \/>Der erfahrenste Spieler in den Reihen des VfB ist nun Mario Gomez. Der Vertrag des 33-J\u00e4hrigen l\u00e4uft noch ein Jahr. In dem soll er den VfB wieder ins Oberhaus schie\u00dfen: \u0084Ich w\u00fcnsche mir, dass Mario wieder in der Verfassung ist zum Saisonauftakt, in der er jeden Gegner vor Probleme stellt in der Zweiten Liga. Mario kann mit seiner Erfahrung und Qualit\u00e4t in dieser Liga richtig f\u00fcr Furore sorgen.\u0093<br \/>\n<br \/>Aber nicht nur von den Spielern verlangt Hitzlsperger Ehrgeiz und Hunger. Das soll auch der neue Trainer Tim Walter verk\u00f6rpern und den VfB mit mutigem Offensivfu\u00dfball wieder in die Erfolgsspur bringen: \u0084Jeder soll sp\u00fcren, dass das, was versprochen wird, auch geliefert wird.\u0093<br \/>\n(cm)<\/p>\n","protected":false},"excerpt":{"rendered":"<p>Zu Beginn der vergangenen Saison lie\u00dfen die Verantwortlichen des VfB Stuttgart verlauten, dass der VfB mit dem Abstieg nichts zu&hellip;<\/p>\n","protected":false},"author":2,"featured_media":0,"comment_status":"open","ping_status":"open","sticky":false,"template":"","format":"standard","meta":{"footnotes":""},"categories":[],"tags":[],"class_list":["post-269","post","type-post","status-publish","format-standard","hentry"],"_links":{"self":[{"href":"https:\/\/vfb1.de\/vfb\/wp-json\/wp\/v2\/posts\/269","targetHints":{"allow":["GET"]}}],"collection":[{"href":"https:\/\/vfb1.de\/vfb\/wp-json\/wp\/v2\/posts"}],"about":[{"href":"https:\/\/vfb1.de\/vfb\/wp-json\/wp\/v2\/types\/post"}],"author":[{"embeddable":true,"href":"https:\/\/vfb1.de\/vfb\/wp-json\/wp\/v2\/users\/2"}],"replies":[{"embeddable":true,"href":"https:\/\/vfb1.de\/vfb\/wp-json\/wp\/v2\/comments?post=269"}],"version-history":[{"count":0,"href":"https:\/\/vfb1.de\/vfb\/wp-json\/wp\/v2\/posts\/269\/revisions"}],"wp:attachment":[{"href":"https:\/\/vfb1.de\/vfb\/wp-json\/wp\/v2\/media?parent=269"}],"wp:term":[{"taxonomy":"category","embeddable":true,"href":"https:\/\/vfb1.de\/vfb\/wp-json\/wp\/v2\/categories?post=269"},{"taxonomy":"post_tag","embeddable":true,"href":"https:\/\/vfb1.de\/vfb\/wp-json\/wp\/v2\/tags?post=269"}],"curies":[{"name":"wp","href":"https:\/\/api.w.org\/{rel}","templated":true}]}}