{"id":268,"date":"2019-06-25T00:00:00","date_gmt":"2019-06-25T00:00:00","guid":{"rendered":"https:\/\/vfb1.de\/vfb\/2019\/06\/25\/vfb-stuttgart-gregor-kobel-ist-der-naechste-neuzugang\/"},"modified":"2019-06-25T00:00:00","modified_gmt":"2019-06-25T00:00:00","slug":"vfb-stuttgart-gregor-kobel-ist-der-naechste-neuzugang","status":"publish","type":"post","link":"https:\/\/vfb1.de\/vfb\/2019\/06\/25\/vfb-stuttgart-gregor-kobel-ist-der-naechste-neuzugang\/","title":{"rendered":"VfB Stuttgart: Gregor Kobel ist der n\u00e4chste Neuzugang"},"content":{"rendered":"<p>Und schon wieder ein Neuzugang beim VfB Stuttgart: F\u00fcr ein Jahr leiht der Verein den 21-j\u00e4hrigen Torh\u00fcter von der TSG 1899 Hoffenheim aus.<br \/>\n<br \/>In der vergangenen Saison war er an den FC Augsburg ausgeliehen. Insgesamt absolvierte er 17 Bundesliga-Partien, sechs Begegnungen im DFB-Pokal sowie ein Spiel in der UEFA Europa League. VfB-Sportdirektor Sven Mislintat ist \u00fcberzeugt von dem jungen Mann: \u0084Gregor passt zu unserem Anforderungsprofil f\u00fcr die Torh\u00fcter-Position. Er geh\u00f6rt zu den talentiertesten Torh\u00fctern seiner Altersklasse und hat insbesondere in den vergangenen Monaten mit hervorragenden Leistungen auf sich aufmerksam gemacht.\u0093<br \/>\n<br \/>Ein anderer Neuzugang, der vor drei Wochen vom SC Freiburg auf Leihbasis zum VfB kam, f\u00fchlt sich indes schon wie zu Hause: \u0084Ich bin sehr gut aufgenommen worden. Uns verbindet alle der Fu\u00dfball und dasselbe Ziel, mit dem VfB in die Bundesliga aufzusteigen. Es sind einige Neuzug\u00e4nge im Kader, darunter viele junge Spieler, da f\u00e4llt die Integration nicht schwer\u0093, so Pascal Stenzel.<br \/>\n(cm)<\/p>\n","protected":false},"excerpt":{"rendered":"<p>Und schon wieder ein Neuzugang beim VfB Stuttgart: F\u00fcr ein Jahr leiht der Verein den 21-j\u00e4hrigen Torh\u00fcter von der TSG&hellip;<\/p>\n","protected":false},"author":2,"featured_media":0,"comment_status":"open","ping_status":"open","sticky":false,"template":"","format":"standard","meta":{"footnotes":""},"categories":[],"tags":[],"class_list":["post-268","post","type-post","status-publish","format-standard","hentry"],"_links":{"self":[{"href":"https:\/\/vfb1.de\/vfb\/wp-json\/wp\/v2\/posts\/268","targetHints":{"allow":["GET"]}}],"collection":[{"href":"https:\/\/vfb1.de\/vfb\/wp-json\/wp\/v2\/posts"}],"about":[{"href":"https:\/\/vfb1.de\/vfb\/wp-json\/wp\/v2\/types\/post"}],"author":[{"embeddable":true,"href":"https:\/\/vfb1.de\/vfb\/wp-json\/wp\/v2\/users\/2"}],"replies":[{"embeddable":true,"href":"https:\/\/vfb1.de\/vfb\/wp-json\/wp\/v2\/comments?post=268"}],"version-history":[{"count":0,"href":"https:\/\/vfb1.de\/vfb\/wp-json\/wp\/v2\/posts\/268\/revisions"}],"wp:attachment":[{"href":"https:\/\/vfb1.de\/vfb\/wp-json\/wp\/v2\/media?parent=268"}],"wp:term":[{"taxonomy":"category","embeddable":true,"href":"https:\/\/vfb1.de\/vfb\/wp-json\/wp\/v2\/categories?post=268"},{"taxonomy":"post_tag","embeddable":true,"href":"https:\/\/vfb1.de\/vfb\/wp-json\/wp\/v2\/tags?post=268"}],"curies":[{"name":"wp","href":"https:\/\/api.w.org\/{rel}","templated":true}]}}