{"id":267,"date":"2019-06-24T00:00:00","date_gmt":"2019-06-24T00:00:00","guid":{"rendered":"https:\/\/vfb1.de\/vfb\/2019\/06\/24\/vfb-stuttgart-ohne-kempf-nach-kitzbuehel\/"},"modified":"2019-06-24T00:00:00","modified_gmt":"2019-06-24T00:00:00","slug":"vfb-stuttgart-ohne-kempf-nach-kitzbuehel","status":"publish","type":"post","link":"https:\/\/vfb1.de\/vfb\/2019\/06\/24\/vfb-stuttgart-ohne-kempf-nach-kitzbuehel\/","title":{"rendered":"VfB Stuttgart: Ohne Kempf nach Kitzb\u00fchel"},"content":{"rendered":"<p>Der VfB Stuttgart ist in sein erstes Trainingslager in Kitzb\u00fchel gestartet. Mit dabei ist Routinier Holger Badstuber, der beim ersten Testspiel des VfB aufgrund muskul\u00e4rer Probleme passen muste. Fehlen wird dagegen Marc-Oliver Kempf, der Knieprobleme hat.<br \/>\n<br \/>\u0084Marc ist noch verletzt. Er hat die letzten Tage ein intensives Trainingsprogramm absolviert und macht gute Fortschritte. F\u00fcr das erste Trainingslager reicht es aber noch nicht\u0093, wird VfB-Trainer Tim Walter von einer Stuttgarter Tageszeitung zitiert. Kempf fiel wegen der Verletzung bereits f\u00fcr das Relegations-R\u00fcckspiel gegen Union Berlin aus.<br \/>\n<br \/>Flei\u00dfig mit dabei sind indes die j\u00fcngsten Neuzug\u00e4nge: Torwart Fabian Bredlow, der vom 1. FC N\u00fcrnberg kam und Offensivkraft Hamadi Al Ghaddioui von Regensburg, der bei seinem Einstand im Testspiel gegen eine Hohenlohe-Auswahl gleich dreimal traf, scheinen sich gut zu integrieren.<br \/>\n<br \/>Der VfB vermeldet damit sieben Neuzug\u00e4nge, die strategisch ausgerichtet sind: Sechs davon haben Zweitligaerfahrung, alle waren g\u00fcnstig, sind \u00fcberwiegend jung und stecken voller Potenzial. VfB-Sportdirektor Sven Mislintat erhofft sich viel von Al Ghaddioui: \u0084Er ist ein sehr robuster Spieler, der die Zweite Bundesliga gut kennt und in der vergangenen Saison mit 17 Torbeteiligungen eine \u00fcberzeugende Bilanz vorzuweisen hat. Er hat nach unserer Einsch\u00e4tzung das Potenzial, eine wichtige Rolle in unserer Mannschaft zu spielen.\u0093<br \/>\n(rf)<\/p>\n","protected":false},"excerpt":{"rendered":"<p>Der VfB Stuttgart ist in sein erstes Trainingslager in Kitzb\u00fchel gestartet. Mit dabei ist Routinier Holger Badstuber, der beim ersten&hellip;<\/p>\n","protected":false},"author":2,"featured_media":0,"comment_status":"open","ping_status":"open","sticky":false,"template":"","format":"standard","meta":{"footnotes":""},"categories":[],"tags":[],"class_list":["post-267","post","type-post","status-publish","format-standard","hentry"],"_links":{"self":[{"href":"https:\/\/vfb1.de\/vfb\/wp-json\/wp\/v2\/posts\/267","targetHints":{"allow":["GET"]}}],"collection":[{"href":"https:\/\/vfb1.de\/vfb\/wp-json\/wp\/v2\/posts"}],"about":[{"href":"https:\/\/vfb1.de\/vfb\/wp-json\/wp\/v2\/types\/post"}],"author":[{"embeddable":true,"href":"https:\/\/vfb1.de\/vfb\/wp-json\/wp\/v2\/users\/2"}],"replies":[{"embeddable":true,"href":"https:\/\/vfb1.de\/vfb\/wp-json\/wp\/v2\/comments?post=267"}],"version-history":[{"count":0,"href":"https:\/\/vfb1.de\/vfb\/wp-json\/wp\/v2\/posts\/267\/revisions"}],"wp:attachment":[{"href":"https:\/\/vfb1.de\/vfb\/wp-json\/wp\/v2\/media?parent=267"}],"wp:term":[{"taxonomy":"category","embeddable":true,"href":"https:\/\/vfb1.de\/vfb\/wp-json\/wp\/v2\/categories?post=267"},{"taxonomy":"post_tag","embeddable":true,"href":"https:\/\/vfb1.de\/vfb\/wp-json\/wp\/v2\/tags?post=267"}],"curies":[{"name":"wp","href":"https:\/\/api.w.org\/{rel}","templated":true}]}}