{"id":263,"date":"2019-06-16T00:00:00","date_gmt":"2019-06-16T00:00:00","guid":{"rendered":"https:\/\/vfb1.de\/vfb\/2019\/06\/16\/vfb-stuttgart-droht-ein-pokal-deja-vu\/"},"modified":"2019-06-16T00:00:00","modified_gmt":"2019-06-16T00:00:00","slug":"vfb-stuttgart-droht-ein-pokal-deja-vu","status":"publish","type":"post","link":"https:\/\/vfb1.de\/vfb\/2019\/06\/16\/vfb-stuttgart-droht-ein-pokal-deja-vu\/","title":{"rendered":"VfB Stuttgart droht ein Pokal-D\u00e9ja-vu"},"content":{"rendered":"<p>Dem VfB Stuttgart k\u00f6nnte ein D\u00e9ja-vu im DFB-Pokal bevorstehen. Die Auslosung hat ergeben, dass der VfB in der ersten Runde des Pokals wie in der vergangenen Saison erneut auf Hansa Rostock trifft. Damals zog der VfB mit 0:2 den K\u00fcrzeren.<br \/>\n<br \/>Die Begegnung wird zwischen dem 9. und 12. August ausgetragen, wobei der Drittligist Rostock Heimrecht hat. Vor der Partie wird der VfB bereits zwei Begegnungen in der zweiten Liga bestritten haben. Dennoch m\u00fchte sich der VfB in den vergangenen Jahren erheblich, um in die zweite Runde einzuziehen. Auch im Jahr 2017 konnte der VfB erst im Elfmeterschie\u00dfen gegen den Drittligisten Energie Cottbus durchsetzen.<br \/>\n<br \/>VfB-Sportdirektor Sven Mislintat will daher im Vorfeld auch keine gro\u00dfen Erwartungen wecken: \u0084Wir haben vergangene Saison erfahren, was es hei\u00dft, im DFB-Pokal auf Hansa Rostock zu treffen und sind deshalb vorgewarnt. Es wird dieses Mal nicht weniger umk\u00e4mpft werden, aber unser Ziel kann es nur sein, die Aufgabe besser zu l\u00f6sen und eine Runde weiterzukommen.\u0093<br \/>\n(jd)<\/p>\n","protected":false},"excerpt":{"rendered":"<p>Dem VfB Stuttgart k\u00f6nnte ein D\u00e9ja-vu im DFB-Pokal bevorstehen. Die Auslosung hat ergeben, dass der VfB in der ersten Runde&hellip;<\/p>\n","protected":false},"author":2,"featured_media":0,"comment_status":"open","ping_status":"open","sticky":false,"template":"","format":"standard","meta":{"footnotes":""},"categories":[],"tags":[],"class_list":["post-263","post","type-post","status-publish","format-standard","hentry"],"_links":{"self":[{"href":"https:\/\/vfb1.de\/vfb\/wp-json\/wp\/v2\/posts\/263","targetHints":{"allow":["GET"]}}],"collection":[{"href":"https:\/\/vfb1.de\/vfb\/wp-json\/wp\/v2\/posts"}],"about":[{"href":"https:\/\/vfb1.de\/vfb\/wp-json\/wp\/v2\/types\/post"}],"author":[{"embeddable":true,"href":"https:\/\/vfb1.de\/vfb\/wp-json\/wp\/v2\/users\/2"}],"replies":[{"embeddable":true,"href":"https:\/\/vfb1.de\/vfb\/wp-json\/wp\/v2\/comments?post=263"}],"version-history":[{"count":0,"href":"https:\/\/vfb1.de\/vfb\/wp-json\/wp\/v2\/posts\/263\/revisions"}],"wp:attachment":[{"href":"https:\/\/vfb1.de\/vfb\/wp-json\/wp\/v2\/media?parent=263"}],"wp:term":[{"taxonomy":"category","embeddable":true,"href":"https:\/\/vfb1.de\/vfb\/wp-json\/wp\/v2\/categories?post=263"},{"taxonomy":"post_tag","embeddable":true,"href":"https:\/\/vfb1.de\/vfb\/wp-json\/wp\/v2\/tags?post=263"}],"curies":[{"name":"wp","href":"https:\/\/api.w.org\/{rel}","templated":true}]}}