{"id":261,"date":"2019-06-14T00:00:00","date_gmt":"2019-06-14T00:00:00","guid":{"rendered":"https:\/\/vfb1.de\/vfb\/2019\/06\/14\/vfb-stuttgart-mistet-weiter-aus\/"},"modified":"2019-06-14T00:00:00","modified_gmt":"2019-06-14T00:00:00","slug":"vfb-stuttgart-mistet-weiter-aus","status":"publish","type":"post","link":"https:\/\/vfb1.de\/vfb\/2019\/06\/14\/vfb-stuttgart-mistet-weiter-aus\/","title":{"rendered":"VfB Stuttgart mistet weiter aus"},"content":{"rendered":"<p>Zuerst hat es Christian Gentner erwischt, dann Dennis Aogo und nun Andreas Beck. Mit keinem dieser Spieler, die allesamt das 30. Lebensjahr hinter sich haben, verl\u00e4ngerte der VfB Stuttgart die auslaufenden Vertr\u00e4ge.<br \/>\n<br \/>Verteidiger Beck stammte aus dem Nachwuchsbereich des VfB und feierte 2007 die Deutsche Meisterschaft, war danach zwischen 2008 und 2015 Leistungstr\u00e4ger bei der TSH Hoffenheim, eher er im Sommer 2017 zum VfB zur\u00fcckkehrte. 47 Spiele absolvierte Beck danach f\u00fcr den VfB Stuttgart. Nun muss er sich einen neuen Verein suchen.<br \/>\n<br \/>VfB-Sportvorstand Thomas Hitzslperger bezeichnete Beck als \u0084verl\u00e4ssliche St\u00fctze\u0093 w\u00e4hrend der letzten beiden Spielzeiten, der eine Vorbildfunktion f\u00fcr die Nachwuchsspieler eingenommen h\u00e4tte. \u0084Im Zuge der Neuausrichtung des Kaders haben wir uns jedoch entschieden, den Vertrag nicht zu verl\u00e4ngern\u0093, so Hitzlsperger.<br \/>\n(cm)<\/p>\n","protected":false},"excerpt":{"rendered":"<p>Zuerst hat es Christian Gentner erwischt, dann Dennis Aogo und nun Andreas Beck. Mit keinem dieser Spieler, die allesamt das&hellip;<\/p>\n","protected":false},"author":2,"featured_media":0,"comment_status":"open","ping_status":"open","sticky":false,"template":"","format":"standard","meta":{"footnotes":""},"categories":[],"tags":[],"class_list":["post-261","post","type-post","status-publish","format-standard","hentry"],"_links":{"self":[{"href":"https:\/\/vfb1.de\/vfb\/wp-json\/wp\/v2\/posts\/261","targetHints":{"allow":["GET"]}}],"collection":[{"href":"https:\/\/vfb1.de\/vfb\/wp-json\/wp\/v2\/posts"}],"about":[{"href":"https:\/\/vfb1.de\/vfb\/wp-json\/wp\/v2\/types\/post"}],"author":[{"embeddable":true,"href":"https:\/\/vfb1.de\/vfb\/wp-json\/wp\/v2\/users\/2"}],"replies":[{"embeddable":true,"href":"https:\/\/vfb1.de\/vfb\/wp-json\/wp\/v2\/comments?post=261"}],"version-history":[{"count":0,"href":"https:\/\/vfb1.de\/vfb\/wp-json\/wp\/v2\/posts\/261\/revisions"}],"wp:attachment":[{"href":"https:\/\/vfb1.de\/vfb\/wp-json\/wp\/v2\/media?parent=261"}],"wp:term":[{"taxonomy":"category","embeddable":true,"href":"https:\/\/vfb1.de\/vfb\/wp-json\/wp\/v2\/categories?post=261"},{"taxonomy":"post_tag","embeddable":true,"href":"https:\/\/vfb1.de\/vfb\/wp-json\/wp\/v2\/tags?post=261"}],"curies":[{"name":"wp","href":"https:\/\/api.w.org\/{rel}","templated":true}]}}