{"id":259,"date":"2019-06-12T00:00:00","date_gmt":"2019-06-12T00:00:00","guid":{"rendered":"https:\/\/vfb1.de\/vfb\/2019\/06\/12\/vfb-stuttgart-muss-auch-beck-gehen\/"},"modified":"2019-06-12T00:00:00","modified_gmt":"2019-06-12T00:00:00","slug":"vfb-stuttgart-muss-auch-beck-gehen","status":"publish","type":"post","link":"https:\/\/vfb1.de\/vfb\/2019\/06\/12\/vfb-stuttgart-muss-auch-beck-gehen\/","title":{"rendered":"VfB Stuttgart: Muss auch Beck gehen?"},"content":{"rendered":"<p>Christian Gentner und Dennis Aogo sind die ersten beiden Routiniers, f\u00fcr die der VfB Stuttgart aufgrund der neuen Kaderplanung f\u00fcr die zweite Liga keinen Platz mehr hat. Ein Fragezeichen steht noch hinter Andreas Beck, dessen Vertrag ebenfalls ausl\u00e4uft. Der 32-J\u00e4hrige k\u00f6nnte das n\u00e4chste Opfer des Umbaus werden.<br \/>\n<br \/>Beck laboriert noch an einer Knieverletzung, die er sich im Bundesligaspiel gegen Hertha BSC Berlin zugezogen und f\u00fcr dessen fr\u00fchzeitiges Saisonaus gesorgt hat. Beck selbst w\u00e4re wohl bereit, in der zweiten Liga zu spielen. Durch die Verpflichtung des 24-j\u00e4hrigen Rechtsverteidigers Pascal Stenzel ist seine Position aber nicht gesichert.<br \/>\n<br \/>Laut Bericht einer Stuttgarter Tageszeitung ist der VfB angeblich an einem weiteren jungen Spieler interessiert. So soll Marvin Mehlem vom SV Darmstadt 98 auf der Kandidatenliste stehen. Der 21-j\u00e4hrige offensive Mittelfeldspieler kennt den neuen VfB-Trainer Tim Walter aus der KSC-Jugend. In der abgelaufenen Runde erzielte Mehlem in 30 Spielen f\u00fcnf Tore und lieferte vier Torvorlagen.<br \/>\n(jd)<\/p>\n","protected":false},"excerpt":{"rendered":"<p>Christian Gentner und Dennis Aogo sind die ersten beiden Routiniers, f\u00fcr die der VfB Stuttgart aufgrund der neuen Kaderplanung f\u00fcr&hellip;<\/p>\n","protected":false},"author":2,"featured_media":0,"comment_status":"open","ping_status":"open","sticky":false,"template":"","format":"standard","meta":{"footnotes":""},"categories":[],"tags":[],"class_list":["post-259","post","type-post","status-publish","format-standard","hentry"],"_links":{"self":[{"href":"https:\/\/vfb1.de\/vfb\/wp-json\/wp\/v2\/posts\/259","targetHints":{"allow":["GET"]}}],"collection":[{"href":"https:\/\/vfb1.de\/vfb\/wp-json\/wp\/v2\/posts"}],"about":[{"href":"https:\/\/vfb1.de\/vfb\/wp-json\/wp\/v2\/types\/post"}],"author":[{"embeddable":true,"href":"https:\/\/vfb1.de\/vfb\/wp-json\/wp\/v2\/users\/2"}],"replies":[{"embeddable":true,"href":"https:\/\/vfb1.de\/vfb\/wp-json\/wp\/v2\/comments?post=259"}],"version-history":[{"count":0,"href":"https:\/\/vfb1.de\/vfb\/wp-json\/wp\/v2\/posts\/259\/revisions"}],"wp:attachment":[{"href":"https:\/\/vfb1.de\/vfb\/wp-json\/wp\/v2\/media?parent=259"}],"wp:term":[{"taxonomy":"category","embeddable":true,"href":"https:\/\/vfb1.de\/vfb\/wp-json\/wp\/v2\/categories?post=259"},{"taxonomy":"post_tag","embeddable":true,"href":"https:\/\/vfb1.de\/vfb\/wp-json\/wp\/v2\/tags?post=259"}],"curies":[{"name":"wp","href":"https:\/\/api.w.org\/{rel}","templated":true}]}}