{"id":258,"date":"2019-06-11T00:00:00","date_gmt":"2019-06-11T00:00:00","guid":{"rendered":"https:\/\/vfb1.de\/vfb\/2019\/06\/11\/vfb-stuttgart-trennt-sich-von-aogo\/"},"modified":"2019-06-11T00:00:00","modified_gmt":"2019-06-11T00:00:00","slug":"vfb-stuttgart-trennt-sich-von-aogo","status":"publish","type":"post","link":"https:\/\/vfb1.de\/vfb\/2019\/06\/11\/vfb-stuttgart-trennt-sich-von-aogo\/","title":{"rendered":"VfB Stuttgart trennt sich von Aogo"},"content":{"rendered":"<p>Nach Christian Gentner erwischt es nun den zweiten Routinier: Der Vertrag von Dennis Aogo wird nach Vereinsangaben nicht mehr verl\u00e4ngert. Diese Entscheidung ist ein weiteres Zeichen f\u00fcr einen Neuanfang mit einem verj\u00fcngten Team.<br \/>\n<br \/>Aogo bestritt 47 Pflichtspieleins\u00e4tze in zwei Spielzeiten f\u00fcr den VfB, zu dem er im Sommer 2017 kam. &quot;Dennis Aogo hat in den zwei Jahren beim VfB jeden Tag eine professionelle Einstellung gezeigt und alles f\u00fcr den Verein gegeben. Aufgrund der neuen sportlichen Ausrichtung haben wir uns jedoch dazu entschlossen, seinen auslaufenden Vertrag nicht zu verl\u00e4ngern\u0093, begr\u00fcndete VfB-Sportvorstand Thomas Hitzlsperger die Entscheidung.<br \/>\n<br \/>Aogo f\u00fchlte sich eigenen Angaben zufolge wohl beim VfB und blickt in sozialen Netzwerken etwas wehm\u00fctig zur\u00fcck: &quot;Ich sag ganz ehrlich, dass ich gern mit aller Kraft dabei geholfen h\u00e4tte, die R\u00fcckkehr in die Bundesliga zu schaffen. Ich glaube auch, dass hier nicht so vieles kaputt ist, wie zuletzt immer mal von au\u00dfen behauptet wurde. Der Verein hat so eine starke Energie, davon tr\u00e4umen viele andere.\u0093<br \/>\n(cm)<\/p>\n","protected":false},"excerpt":{"rendered":"<p>Nach Christian Gentner erwischt es nun den zweiten Routinier: Der Vertrag von Dennis Aogo wird nach Vereinsangaben nicht mehr verl\u00e4ngert.&hellip;<\/p>\n","protected":false},"author":2,"featured_media":0,"comment_status":"open","ping_status":"open","sticky":false,"template":"","format":"standard","meta":{"footnotes":""},"categories":[],"tags":[],"class_list":["post-258","post","type-post","status-publish","format-standard","hentry"],"_links":{"self":[{"href":"https:\/\/vfb1.de\/vfb\/wp-json\/wp\/v2\/posts\/258","targetHints":{"allow":["GET"]}}],"collection":[{"href":"https:\/\/vfb1.de\/vfb\/wp-json\/wp\/v2\/posts"}],"about":[{"href":"https:\/\/vfb1.de\/vfb\/wp-json\/wp\/v2\/types\/post"}],"author":[{"embeddable":true,"href":"https:\/\/vfb1.de\/vfb\/wp-json\/wp\/v2\/users\/2"}],"replies":[{"embeddable":true,"href":"https:\/\/vfb1.de\/vfb\/wp-json\/wp\/v2\/comments?post=258"}],"version-history":[{"count":0,"href":"https:\/\/vfb1.de\/vfb\/wp-json\/wp\/v2\/posts\/258\/revisions"}],"wp:attachment":[{"href":"https:\/\/vfb1.de\/vfb\/wp-json\/wp\/v2\/media?parent=258"}],"wp:term":[{"taxonomy":"category","embeddable":true,"href":"https:\/\/vfb1.de\/vfb\/wp-json\/wp\/v2\/categories?post=258"},{"taxonomy":"post_tag","embeddable":true,"href":"https:\/\/vfb1.de\/vfb\/wp-json\/wp\/v2\/tags?post=258"}],"curies":[{"name":"wp","href":"https:\/\/api.w.org\/{rel}","templated":true}]}}