{"id":256,"date":"2019-06-09T00:00:00","date_gmt":"2019-06-09T00:00:00","guid":{"rendered":"https:\/\/vfb1.de\/vfb\/2019\/06\/09\/vfb-stuttgart-fans-stellen-wieder-einen-rekord-auf\/"},"modified":"2019-06-09T00:00:00","modified_gmt":"2019-06-09T00:00:00","slug":"vfb-stuttgart-fans-stellen-wieder-einen-rekord-auf","status":"publish","type":"post","link":"https:\/\/vfb1.de\/vfb\/2019\/06\/09\/vfb-stuttgart-fans-stellen-wieder-einen-rekord-auf\/","title":{"rendered":"VfB Stuttgart: Fans stellen wieder einen Rekord auf"},"content":{"rendered":"<p>Wer h\u00e4tte das gedacht? Schon nach dem letzten Abstieg des VfB Stuttgart in die zweite Liga vor drei Jahren schnellten die Mitgliederzahlen in ungeahnte Rekordwerte. Eine Steigerung schien angesichts des dritten Abstiegs in der Vereinsgeschichte kaum denkbar. Und doch haben die treuen Anh\u00e4nger des VfB schon wieder einen neuen Rekord aufgestellt.<br \/>\n<br \/>Seit letztem Donnerstag k\u00f6nnen die Fans ihre Dauerkarten zu verl\u00e4ngern. Innerhalb von zwei Tagen sind laut Vereinsangaben mehr als 7000 St\u00fcck verl\u00e4ngert worden. Soviel wie noch nie. Der Verkauf f\u00fcr Mitglieder startet am 25. Juni. Aufgrund der gro\u00dfen Nachfrage kann es gut sein, dass es keinen freien verkauf geben wird, denn in der abgelaufenen Saison setzte der VfB bei 33 000 abgesetzten Tickets die Grenze.<br \/>\n<br \/>Die Preise wurden wie im Abstiegsjahr 2016 um rund 20 Prozent im Vergleich zum Erstliga-Niveau reduziert, was auch ein Grund f\u00fcr die gro\u00dfe Nachfrage sein k\u00f6nnte. In jedem Fall werden die Fans der VfB die zweite Liga aufmischen, denn kaum ein anderer Verein ist mit seinen Anh\u00e4ngern bei Ausw\u00e4rtsspielen so pr\u00e4sent wie der VfB. In der Bundesliga waren es zuletzt durchschnittlich 4350 Fans. Der k\u00fcnftige Lokalrivale SV Sandhausen konnte dagegen beim Spiel gegen Erzgebirge Aue gerade einmal 19 Unterst\u00fctzer z\u00e4hlen.<br \/>\n(rf)<\/p>\n","protected":false},"excerpt":{"rendered":"<p>Wer h\u00e4tte das gedacht? Schon nach dem letzten Abstieg des VfB Stuttgart in die zweite Liga vor drei Jahren schnellten&hellip;<\/p>\n","protected":false},"author":2,"featured_media":0,"comment_status":"open","ping_status":"open","sticky":false,"template":"","format":"standard","meta":{"footnotes":""},"categories":[],"tags":[],"class_list":["post-256","post","type-post","status-publish","format-standard","hentry"],"_links":{"self":[{"href":"https:\/\/vfb1.de\/vfb\/wp-json\/wp\/v2\/posts\/256","targetHints":{"allow":["GET"]}}],"collection":[{"href":"https:\/\/vfb1.de\/vfb\/wp-json\/wp\/v2\/posts"}],"about":[{"href":"https:\/\/vfb1.de\/vfb\/wp-json\/wp\/v2\/types\/post"}],"author":[{"embeddable":true,"href":"https:\/\/vfb1.de\/vfb\/wp-json\/wp\/v2\/users\/2"}],"replies":[{"embeddable":true,"href":"https:\/\/vfb1.de\/vfb\/wp-json\/wp\/v2\/comments?post=256"}],"version-history":[{"count":0,"href":"https:\/\/vfb1.de\/vfb\/wp-json\/wp\/v2\/posts\/256\/revisions"}],"wp:attachment":[{"href":"https:\/\/vfb1.de\/vfb\/wp-json\/wp\/v2\/media?parent=256"}],"wp:term":[{"taxonomy":"category","embeddable":true,"href":"https:\/\/vfb1.de\/vfb\/wp-json\/wp\/v2\/categories?post=256"},{"taxonomy":"post_tag","embeddable":true,"href":"https:\/\/vfb1.de\/vfb\/wp-json\/wp\/v2\/tags?post=256"}],"curies":[{"name":"wp","href":"https:\/\/api.w.org\/{rel}","templated":true}]}}