{"id":255,"date":"2019-06-08T00:00:00","date_gmt":"2019-06-08T00:00:00","guid":{"rendered":"https:\/\/vfb1.de\/vfb\/2019\/06\/08\/vfb-stuttgart-leiht-stenzel-aus\/"},"modified":"2019-06-08T00:00:00","modified_gmt":"2019-06-08T00:00:00","slug":"vfb-stuttgart-leiht-stenzel-aus","status":"publish","type":"post","link":"https:\/\/vfb1.de\/vfb\/2019\/06\/08\/vfb-stuttgart-leiht-stenzel-aus\/","title":{"rendered":"VfB Stuttgart leiht Stenzel aus"},"content":{"rendered":"<p>Die Verpflichtung von Pablo Maffeo, f\u00fcr die der VfB Stuttgart satte zehn Millionen Euro auf den Tisch bl\u00e4tterte, erwies sich schnell als v\u00f6lliger Fehlgriff. Der Spanier integrierte sich nicht in die Mannschaft und gl\u00e4nzte mit Arbeitsverweigerung. Die Position des rechten Verteidigers soll nun Pascal Stenzel \u00fcbernehmen.<br \/>\n<br \/>Der 23-J\u00e4hrige wechselt auf Leihbasis vom SC Freiburg zum VfB. Nach Vereinsangaben erh\u00e4lt er einen Vertrag bis zum 30. Juni 2020. Stenzel bestritt bisher 65 Bundesligaspiele, in denen er zwei Treffer erzielte. Stenzel kam Anfang 2016 auf Leihbasis von Borussia Dortmund nach Freiburg. F\u00fcr Dortmund gab er auch sein Bundesligadeb\u00fct im Jahre 2013.<br \/>\n<br \/>\u0084Er ist ein sehr gut ausgebildeter Spieler, der sowohl Bundesliga- als auch Zweitligaerfahrung mitbringt. Pascal ist eine absolute Verst\u00e4rkung f\u00fcr unseren Kader\u0093, kommentiert VfB-Sportdirektor Sven Mislintat den Wechsel. &nbsp;<br \/>\n(jd)<\/p>\n","protected":false},"excerpt":{"rendered":"<p>Die Verpflichtung von Pablo Maffeo, f\u00fcr die der VfB Stuttgart satte zehn Millionen Euro auf den Tisch bl\u00e4tterte, erwies sich&hellip;<\/p>\n","protected":false},"author":2,"featured_media":0,"comment_status":"open","ping_status":"open","sticky":false,"template":"","format":"standard","meta":{"footnotes":""},"categories":[],"tags":[],"class_list":["post-255","post","type-post","status-publish","format-standard","hentry"],"_links":{"self":[{"href":"https:\/\/vfb1.de\/vfb\/wp-json\/wp\/v2\/posts\/255","targetHints":{"allow":["GET"]}}],"collection":[{"href":"https:\/\/vfb1.de\/vfb\/wp-json\/wp\/v2\/posts"}],"about":[{"href":"https:\/\/vfb1.de\/vfb\/wp-json\/wp\/v2\/types\/post"}],"author":[{"embeddable":true,"href":"https:\/\/vfb1.de\/vfb\/wp-json\/wp\/v2\/users\/2"}],"replies":[{"embeddable":true,"href":"https:\/\/vfb1.de\/vfb\/wp-json\/wp\/v2\/comments?post=255"}],"version-history":[{"count":0,"href":"https:\/\/vfb1.de\/vfb\/wp-json\/wp\/v2\/posts\/255\/revisions"}],"wp:attachment":[{"href":"https:\/\/vfb1.de\/vfb\/wp-json\/wp\/v2\/media?parent=255"}],"wp:term":[{"taxonomy":"category","embeddable":true,"href":"https:\/\/vfb1.de\/vfb\/wp-json\/wp\/v2\/categories?post=255"},{"taxonomy":"post_tag","embeddable":true,"href":"https:\/\/vfb1.de\/vfb\/wp-json\/wp\/v2\/tags?post=255"}],"curies":[{"name":"wp","href":"https:\/\/api.w.org\/{rel}","templated":true}]}}