{"id":253,"date":"2019-06-05T00:00:00","date_gmt":"2019-06-05T00:00:00","guid":{"rendered":"https:\/\/vfb1.de\/vfb\/2019\/06\/05\/vfb-stuttgart-bleibt-kempf-kommt-kalajdzic\/"},"modified":"2019-06-05T00:00:00","modified_gmt":"2019-06-05T00:00:00","slug":"vfb-stuttgart-bleibt-kempf-kommt-kalajdzic","status":"publish","type":"post","link":"https:\/\/vfb1.de\/vfb\/2019\/06\/05\/vfb-stuttgart-bleibt-kempf-kommt-kalajdzic\/","title":{"rendered":"VfB Stuttgart: Bleibt Kempf? Kommt Kalajdzic?"},"content":{"rendered":"<p>Marc Oliver Kempf h\u00e4tte durch den Abstieg des VfB Stuttgart in die zweite Liga bis zum 31. Mai seinen Vertrag aufl\u00f6sen und den Verein verlassen k\u00f6nnen. Die Frist ist jedoch verstrichen, ohne dass dies passiert ist. Damit ist die Frage jetzt, ob Kempf bleibt. Im Falle eines Verkaufs k\u00f6nnte der VfB jetzt eine h\u00f6here Summe als die sieben Millionen Euro heraus handeln, die in der Ausstiegsklausel angesetzt waren.<br \/>\n<br \/>Die Kaderplanung ist jedenfalls voll im Gange und f\u00fcr die Offensive scheint ein Kandidat gefunden zu sein: Der 21-j\u00e4hrige \u00d6sterreicher Sasa Kalajdzic, der beim Erstligisten Admira Wacker M\u00f6dling unter Vertrag steht, soll laut Bericht einer Stuttgarter Tageszeitung im Fokus des VfB stehen.<br \/>\n<br \/>Das Talent spielt bei der U21-EM in Italien und erzielte in der abgelaufenen Saison in 15 Partien acht Tore. Sein Marktwert wird auf 2,5 Millionen Euro gesch\u00e4tzt. Allerdings sind angeblich auch der 1. FC K\u00f6ln und Union Berlin sowie ein Verein aus England an dem Angreifen dran. Ein Transfer nach Rapid Wien sei wegen der Gehaltsvorstellungen des Spielers bereits gescheitert.<br \/>\n(jd)<\/p>\n","protected":false},"excerpt":{"rendered":"<p>Marc Oliver Kempf h\u00e4tte durch den Abstieg des VfB Stuttgart in die zweite Liga bis zum 31. Mai seinen Vertrag&hellip;<\/p>\n","protected":false},"author":2,"featured_media":0,"comment_status":"open","ping_status":"open","sticky":false,"template":"","format":"standard","meta":{"footnotes":""},"categories":[],"tags":[],"class_list":["post-253","post","type-post","status-publish","format-standard","hentry"],"_links":{"self":[{"href":"https:\/\/vfb1.de\/vfb\/wp-json\/wp\/v2\/posts\/253","targetHints":{"allow":["GET"]}}],"collection":[{"href":"https:\/\/vfb1.de\/vfb\/wp-json\/wp\/v2\/posts"}],"about":[{"href":"https:\/\/vfb1.de\/vfb\/wp-json\/wp\/v2\/types\/post"}],"author":[{"embeddable":true,"href":"https:\/\/vfb1.de\/vfb\/wp-json\/wp\/v2\/users\/2"}],"replies":[{"embeddable":true,"href":"https:\/\/vfb1.de\/vfb\/wp-json\/wp\/v2\/comments?post=253"}],"version-history":[{"count":0,"href":"https:\/\/vfb1.de\/vfb\/wp-json\/wp\/v2\/posts\/253\/revisions"}],"wp:attachment":[{"href":"https:\/\/vfb1.de\/vfb\/wp-json\/wp\/v2\/media?parent=253"}],"wp:term":[{"taxonomy":"category","embeddable":true,"href":"https:\/\/vfb1.de\/vfb\/wp-json\/wp\/v2\/categories?post=253"},{"taxonomy":"post_tag","embeddable":true,"href":"https:\/\/vfb1.de\/vfb\/wp-json\/wp\/v2\/tags?post=253"}],"curies":[{"name":"wp","href":"https:\/\/api.w.org\/{rel}","templated":true}]}}