{"id":250,"date":"2019-06-02T00:00:00","date_gmt":"2019-06-02T00:00:00","guid":{"rendered":"https:\/\/vfb1.de\/vfb\/2019\/06\/02\/vfb-stuttgart-esswein-kehrt-zu-hertha-zurueck\/"},"modified":"2019-06-02T00:00:00","modified_gmt":"2019-06-02T00:00:00","slug":"vfb-stuttgart-esswein-kehrt-zu-hertha-zurueck","status":"publish","type":"post","link":"https:\/\/vfb1.de\/vfb\/2019\/06\/02\/vfb-stuttgart-esswein-kehrt-zu-hertha-zurueck\/","title":{"rendered":"VfB Stuttgart: Esswein kehrt zu Hertha zur\u00fcck"},"content":{"rendered":"<p>Kaum war er da, ist er schon wieder weg: Alexander Esswein, der in der Winterpause auf Leihbasis zum VfB kam, wird nach dem Abstieg des VfB Stuttgart in die zweite Liga wieder zu Hertha BSC Berlin zur\u00fcckkehren. Dort hat er einen Anschlussvertrag bis 2020.<br \/>\n<br \/>Laut Bericht einer deutschen Tageszeitung wird die urspr\u00fcnglich vereinbarte Verpflichtung durch den Abstieg hinf\u00e4llig. VfB-Sportvorstand Thomas Hitzlsperger best\u00e4tigte: &quot;Klar ist, dass Alexander Esswein keine spezielle Klausel f\u00fcr die 2. Bundesliga hat.\u0093 &nbsp;<br \/>\n<br \/>In Berlin kam Esswein unter Trainer Pal Dardai nicht mehr zum Einsatz, da er die in ihn gesetzten Hoffnungen nicht erf\u00fcllte. Beim VfB bestritt er dagegen alle Spiele der R\u00fcckrunde. Durch den Trainerwechsel bei Hertha sch\u00f6pft Esswein wieder Hoffnung. Der neue Coach Ante Covic soll von Essweins Einsatzbereitschaft beim VfB beeindruckt gewesen sein.<br \/>\n(jd)<\/p>\n","protected":false},"excerpt":{"rendered":"<p>Kaum war er da, ist er schon wieder weg: Alexander Esswein, der in der Winterpause auf Leihbasis zum VfB kam,&hellip;<\/p>\n","protected":false},"author":2,"featured_media":0,"comment_status":"open","ping_status":"open","sticky":false,"template":"","format":"standard","meta":{"footnotes":""},"categories":[],"tags":[],"class_list":["post-250","post","type-post","status-publish","format-standard","hentry"],"_links":{"self":[{"href":"https:\/\/vfb1.de\/vfb\/wp-json\/wp\/v2\/posts\/250","targetHints":{"allow":["GET"]}}],"collection":[{"href":"https:\/\/vfb1.de\/vfb\/wp-json\/wp\/v2\/posts"}],"about":[{"href":"https:\/\/vfb1.de\/vfb\/wp-json\/wp\/v2\/types\/post"}],"author":[{"embeddable":true,"href":"https:\/\/vfb1.de\/vfb\/wp-json\/wp\/v2\/users\/2"}],"replies":[{"embeddable":true,"href":"https:\/\/vfb1.de\/vfb\/wp-json\/wp\/v2\/comments?post=250"}],"version-history":[{"count":0,"href":"https:\/\/vfb1.de\/vfb\/wp-json\/wp\/v2\/posts\/250\/revisions"}],"wp:attachment":[{"href":"https:\/\/vfb1.de\/vfb\/wp-json\/wp\/v2\/media?parent=250"}],"wp:term":[{"taxonomy":"category","embeddable":true,"href":"https:\/\/vfb1.de\/vfb\/wp-json\/wp\/v2\/categories?post=250"},{"taxonomy":"post_tag","embeddable":true,"href":"https:\/\/vfb1.de\/vfb\/wp-json\/wp\/v2\/tags?post=250"}],"curies":[{"name":"wp","href":"https:\/\/api.w.org\/{rel}","templated":true}]}}