{"id":248,"date":"2019-05-31T00:00:00","date_gmt":"2019-05-31T00:00:00","guid":{"rendered":"https:\/\/vfb1.de\/vfb\/2019\/05\/31\/vfb-stuttgart-rueckendeckung-fuer-dietrich-aber-nicht-fuer-gentner\/"},"modified":"2019-05-31T00:00:00","modified_gmt":"2019-05-31T00:00:00","slug":"vfb-stuttgart-rueckendeckung-fuer-dietrich-aber-nicht-fuer-gentner","status":"publish","type":"post","link":"https:\/\/vfb1.de\/vfb\/2019\/05\/31\/vfb-stuttgart-rueckendeckung-fuer-dietrich-aber-nicht-fuer-gentner\/","title":{"rendered":"VfB Stuttgart: R\u00fcckendeckung f\u00fcr Dietrich, aber nicht f\u00fcr Gentner"},"content":{"rendered":"<p>F\u00fcr Kapit\u00e4n Christian Gentner scheint es keine Zukunft beim VfB Stuttgart zu geben. Laut Bericht einer deutschen Tageszeitung soll dessen auslaufender Vertrag nicht verl\u00e4ngert werden. Er selbst lie\u00df nach dem erneuten Abstieg seine Zukunft ebenso offen wie Torh\u00fcter Ron-Robert Zieler.<br \/>\n<br \/>R\u00fcckendeckung erh\u00e4lt dagegen VfB-Pr\u00e4sident Wolfgang Dietrich. Sowohl der Hauptsponsor als auch der Aufsichtsrat, dessen Vorsitzender er ist, sprachen ihm das Vertrauen aus: \u0084Der Aufsichtsrat ist mit der sportlichen Entwicklung der vergangenen Saison in hohem Ma\u00dfe unzufrieden. Er ist aber der \u00dcberzeugung, dass die im Februar eingeleitete Neu-Ausrichtung des Sportbereichs die Voraussetzungen f\u00fcr eine positive sportliche Entwicklung gew\u00e4hrleisten\u0093, lie\u00df der Verein verlauten.<br \/>\n<br \/>Der 70-J\u00e4hrige schloss selbst bereits mehrfach einen R\u00fccktritt aus. \u0084Basierend auf unserer finanziellen Stabilit\u00e4t brauchen wir, um einen schnellen Wiederaufstieg zu schaffen, eine klare F\u00fchrungsstruktur und Handlungsf\u00e4higkeit. Das haben wir\u0093, wird Aufsichtsrat Hartmut Jenner dazu zitiert.<br \/>\n(rf)<\/p>\n","protected":false},"excerpt":{"rendered":"<p>F\u00fcr Kapit\u00e4n Christian Gentner scheint es keine Zukunft beim VfB Stuttgart zu geben. Laut Bericht einer deutschen Tageszeitung soll dessen&hellip;<\/p>\n","protected":false},"author":2,"featured_media":0,"comment_status":"open","ping_status":"open","sticky":false,"template":"","format":"standard","meta":{"footnotes":""},"categories":[],"tags":[],"class_list":["post-248","post","type-post","status-publish","format-standard","hentry"],"_links":{"self":[{"href":"https:\/\/vfb1.de\/vfb\/wp-json\/wp\/v2\/posts\/248","targetHints":{"allow":["GET"]}}],"collection":[{"href":"https:\/\/vfb1.de\/vfb\/wp-json\/wp\/v2\/posts"}],"about":[{"href":"https:\/\/vfb1.de\/vfb\/wp-json\/wp\/v2\/types\/post"}],"author":[{"embeddable":true,"href":"https:\/\/vfb1.de\/vfb\/wp-json\/wp\/v2\/users\/2"}],"replies":[{"embeddable":true,"href":"https:\/\/vfb1.de\/vfb\/wp-json\/wp\/v2\/comments?post=248"}],"version-history":[{"count":0,"href":"https:\/\/vfb1.de\/vfb\/wp-json\/wp\/v2\/posts\/248\/revisions"}],"wp:attachment":[{"href":"https:\/\/vfb1.de\/vfb\/wp-json\/wp\/v2\/media?parent=248"}],"wp:term":[{"taxonomy":"category","embeddable":true,"href":"https:\/\/vfb1.de\/vfb\/wp-json\/wp\/v2\/categories?post=248"},{"taxonomy":"post_tag","embeddable":true,"href":"https:\/\/vfb1.de\/vfb\/wp-json\/wp\/v2\/tags?post=248"}],"curies":[{"name":"wp","href":"https:\/\/api.w.org\/{rel}","templated":true}]}}