{"id":247,"date":"2019-05-30T00:00:00","date_gmt":"2019-05-30T00:00:00","guid":{"rendered":"https:\/\/vfb1.de\/vfb\/2019\/05\/30\/millionenverlust-fuer-den-vfb-stuttgart\/"},"modified":"2019-05-30T00:00:00","modified_gmt":"2019-05-30T00:00:00","slug":"millionenverlust-fuer-den-vfb-stuttgart","status":"publish","type":"post","link":"https:\/\/vfb1.de\/vfb\/2019\/05\/30\/millionenverlust-fuer-den-vfb-stuttgart\/","title":{"rendered":"Millionenverlust f\u00fcr den VfB Stuttgart"},"content":{"rendered":"<p>Der VfB Stuttgart muss zum dritten Mal in seiner Geschichte den Gang in die zweite Liga antreten. Die Verantwortlichen betonen, dass der Verein im Gegensatz zum letzten Abstieg vor drei Jahren strukturell als auch finanziell besser aufgestellt sei und daher keine Zwangsverk\u00e4ufe n\u00f6tig sind. Gleichwohl bedeutet es finanzielle Einbu\u00dfen in der kommenden Saison. Und selbst f\u00fcr das Kalenderjahr 2018 weist der VfB einen Verlust von rund zw\u00f6lf Millionen Euro aus.<br \/>\n<br \/>Ein Minus von 11,7 Millionen Euro stehen nach den Finanzkennzahlen der Deutschen Fu\u00dfball Liga (DFL) f\u00fcr den VfB Stuttgart zu Buche. Der VfB verbuchte demnach 84 Millionen Euro f\u00fcr Personalkosten, was die Spielergeh\u00e4lter beinhaltet und rund 10,8 Millionen Euro f\u00fcr Spielerberater.<br \/>\n<br \/>Durch den 35-Millionen-Euro-Verkauf von Benjamin Pavard an den FC Bayern M\u00fcnchen d\u00fcrfte das zu erwartende Minus in der Zweitligasaison geringer ausfallen. Der direkte Wiederaufstieg ist jedoch auch unter dem finanziellen Aspekt das oberste Ziel f\u00fcr VfB-Sportvorstand Thomas Hitzlsperger.<br \/>\n(jd)<\/p>\n","protected":false},"excerpt":{"rendered":"<p>Der VfB Stuttgart muss zum dritten Mal in seiner Geschichte den Gang in die zweite Liga antreten. Die Verantwortlichen betonen,&hellip;<\/p>\n","protected":false},"author":2,"featured_media":0,"comment_status":"open","ping_status":"open","sticky":false,"template":"","format":"standard","meta":{"footnotes":""},"categories":[],"tags":[],"class_list":["post-247","post","type-post","status-publish","format-standard","hentry"],"_links":{"self":[{"href":"https:\/\/vfb1.de\/vfb\/wp-json\/wp\/v2\/posts\/247","targetHints":{"allow":["GET"]}}],"collection":[{"href":"https:\/\/vfb1.de\/vfb\/wp-json\/wp\/v2\/posts"}],"about":[{"href":"https:\/\/vfb1.de\/vfb\/wp-json\/wp\/v2\/types\/post"}],"author":[{"embeddable":true,"href":"https:\/\/vfb1.de\/vfb\/wp-json\/wp\/v2\/users\/2"}],"replies":[{"embeddable":true,"href":"https:\/\/vfb1.de\/vfb\/wp-json\/wp\/v2\/comments?post=247"}],"version-history":[{"count":0,"href":"https:\/\/vfb1.de\/vfb\/wp-json\/wp\/v2\/posts\/247\/revisions"}],"wp:attachment":[{"href":"https:\/\/vfb1.de\/vfb\/wp-json\/wp\/v2\/media?parent=247"}],"wp:term":[{"taxonomy":"category","embeddable":true,"href":"https:\/\/vfb1.de\/vfb\/wp-json\/wp\/v2\/categories?post=247"},{"taxonomy":"post_tag","embeddable":true,"href":"https:\/\/vfb1.de\/vfb\/wp-json\/wp\/v2\/tags?post=247"}],"curies":[{"name":"wp","href":"https:\/\/api.w.org\/{rel}","templated":true}]}}