{"id":246,"date":"2019-05-29T00:00:00","date_gmt":"2019-05-29T00:00:00","guid":{"rendered":"https:\/\/vfb1.de\/vfb\/2019\/05\/29\/vfb-stuttgart-klement-kommt-wer-geht\/"},"modified":"2019-05-29T00:00:00","modified_gmt":"2019-05-29T00:00:00","slug":"vfb-stuttgart-klement-kommt-wer-geht","status":"publish","type":"post","link":"https:\/\/vfb1.de\/vfb\/2019\/05\/29\/vfb-stuttgart-klement-kommt-wer-geht\/","title":{"rendered":"VfB Stuttgart: Klement kommt, wer geht?"},"content":{"rendered":"<p>Mit dem Abstieg in die zweite Liga steht fest, dass der Kader des VfB Stuttgart umgebaut wird. Benjamin Pavard wechselt f\u00fcr 35 Millionen Euro zum Meister FC Bayern M\u00fcnchen und Winterneuzugang Ozan Kabak k\u00f6nnte aufgrund einer Ausstiegsklausel den VfB ebenfalls verlassen.<br \/>\n<br \/>Die Vertr\u00e4ge von Christian Gentner, Andreas Beck und Dennis Aogo laufen aus. Mario Gomez will dem VfB treu bleiben: \u0084Mario will mithelfen, den sportlichen Schaden zu reparieren. In dieser Lage wird er den Verein nicht verlassen\u0093, \u00e4u\u00dferte sich dessen Berater Uli Ferber gegen\u00fcber einer Stuttgarter Tageszeitung. Hinter der Zukunft von Holger Badstuber und Ron-Robert Zieler stehen Fragezeichen.<br \/>\n<br \/>Einen Neuzugang gab der VfB aber auch schon bekannt: Philipp Klement wechselt vom SC Paderborn 07 zum VfB und erh\u00e4lt einen Vertrag bis 30. Juni 2023. VfB-Sportvorstand Thomas Hitzlsperger freut sich auf den Mittelfeldspieler: \u0084Wir brauchen Spieler wie Philipp Klement, die uns in der zweiten Liga besser machen und auch ganz klar das Potenzial f\u00fcr die Bundesliga mitbringen.\u0093<br \/>Hitzlsperger will jetzt aussortieren, denn der direkte Wiederaufstieg hat nun erneut Priorit\u00e4t: &quot;Mit den Spielern aus dem aktuellen Kader werde ich im Laufe der n\u00e4chsten Woche viele Einzelgespr\u00e4che f\u00fchren. Wir werden genau \u00fcberlegen, welche Spieler uns in der neuen Saison weiterhelfen werden und welche nicht. Klar ist, dass Alexander Esswein keine spezielle Klausel f\u00fcr die 2. Bundesliga hat. Ob er also bei uns bleibt oder nicht, ist daher noch offen. Fest steht, dass Anto Grgic und Hans Nunoo Sarpei, die zuletzt ausgeliehen waren, uns verlassen werden.&quot;<br \/>\n<br \/>Hitzlsperger schaut nur voraus und hat klare Ziele: \u0084Die 2. Bundesliga wird mit einigen gro\u00dfen Klubs noch enger, aber wir wollen der beste gro\u00dfe Klub in dieser Liga sein. Im sportlichen Bereich haben wir alle wichtigen Positionen bereits besetzt, insofern stehen wir anders da als beim letzten Abstieg. Es wird aber auch darauf ankommen, wie wir in die Saison reinkommen, entscheidend ist immer das Auftreten und die Leistung auf dem Platz.\u0093<br \/>\n(cm)<\/p>\n","protected":false},"excerpt":{"rendered":"<p>Mit dem Abstieg in die zweite Liga steht fest, dass der Kader des VfB Stuttgart umgebaut wird. Benjamin Pavard wechselt&hellip;<\/p>\n","protected":false},"author":2,"featured_media":0,"comment_status":"open","ping_status":"open","sticky":false,"template":"","format":"standard","meta":{"footnotes":""},"categories":[],"tags":[],"class_list":["post-246","post","type-post","status-publish","format-standard","hentry"],"_links":{"self":[{"href":"https:\/\/vfb1.de\/vfb\/wp-json\/wp\/v2\/posts\/246","targetHints":{"allow":["GET"]}}],"collection":[{"href":"https:\/\/vfb1.de\/vfb\/wp-json\/wp\/v2\/posts"}],"about":[{"href":"https:\/\/vfb1.de\/vfb\/wp-json\/wp\/v2\/types\/post"}],"author":[{"embeddable":true,"href":"https:\/\/vfb1.de\/vfb\/wp-json\/wp\/v2\/users\/2"}],"replies":[{"embeddable":true,"href":"https:\/\/vfb1.de\/vfb\/wp-json\/wp\/v2\/comments?post=246"}],"version-history":[{"count":0,"href":"https:\/\/vfb1.de\/vfb\/wp-json\/wp\/v2\/posts\/246\/revisions"}],"wp:attachment":[{"href":"https:\/\/vfb1.de\/vfb\/wp-json\/wp\/v2\/media?parent=246"}],"wp:term":[{"taxonomy":"category","embeddable":true,"href":"https:\/\/vfb1.de\/vfb\/wp-json\/wp\/v2\/categories?post=246"},{"taxonomy":"post_tag","embeddable":true,"href":"https:\/\/vfb1.de\/vfb\/wp-json\/wp\/v2\/tags?post=246"}],"curies":[{"name":"wp","href":"https:\/\/api.w.org\/{rel}","templated":true}]}}