{"id":245,"date":"2019-05-28T00:00:00","date_gmt":"2019-05-28T00:00:00","guid":{"rendered":"https:\/\/vfb1.de\/vfb\/2019\/05\/28\/vfb-stuttgart-fuer-dietrich-wird-es-eng\/"},"modified":"2019-05-28T00:00:00","modified_gmt":"2019-05-28T00:00:00","slug":"vfb-stuttgart-fuer-dietrich-wird-es-eng","status":"publish","type":"post","link":"https:\/\/vfb1.de\/vfb\/2019\/05\/28\/vfb-stuttgart-fuer-dietrich-wird-es-eng\/","title":{"rendered":"VfB Stuttgart: F\u00fcr Dietrich wird es eng"},"content":{"rendered":"<p>F\u00fcr VfB-Pr\u00e4sident Wolfgang Dietrich d\u00fcrfte es eng werden. Die Fans kritisieren ihn, seit er im Amt ist und der neuerliche Abstieg in die zweite Liga befeuert dies nun. Statt Stabilit\u00e4t und Kontinuit\u00e4t ging es beim VfB in der \u00c4ra Dietrich rauf und runter.<br \/>\n<br \/>\u0084Der heutige Abend ist das absolut bittere Ende einer Bundesliga-Saison, in der aus sportlicher Sicht praktisch alles schiefgegangen ist, was schiefgehen konnte\u0093, kommentierte Dietrich das trostlose Remis des VfB gegen Union Berlin. Die Verantwortung daf\u00fcr im Sinne eine R\u00fccktritts weist er jedoch zur\u00fcck.<br \/>\n<br \/>Nach dem letzten Abstieg vor drei Jahren trat Bernd Wahler trat zur\u00fcck und Wolfgang Dietrich wurde im Oktober 2016 gew\u00e4hlt. Der 70-J\u00e4hrige will Wahlers Schritt nicht folgen: \u0084Die Frage nach einem R\u00fccktritt stellt sich f\u00fcr mich nicht.\u0093<br \/>\n<br \/>Der sportliche Erfolg durch die Ausgliederung der Profiabteilung zeichnet sich nicht ab. Die Transfers von Ex-VfB-Sportvorstand Michael Reschke haben das nach langer Zeit entstandene stabile Gef\u00fcge in Sekundenschnelle auseinanderbrechen lassen.<br \/>\n<br \/>Einzig die Tatsache, dass der Verein finanziell gut aufgestellt ist und keine Zwangsverk\u00e4ufe drohen, steht auf der Habenseite. In den kommenden Monaten d\u00fcrfte Dietrich ein rauer Wind entgegen wehen.<br \/>\n(cm)<\/p>\n","protected":false},"excerpt":{"rendered":"<p>F\u00fcr VfB-Pr\u00e4sident Wolfgang Dietrich d\u00fcrfte es eng werden. Die Fans kritisieren ihn, seit er im Amt ist und der neuerliche&hellip;<\/p>\n","protected":false},"author":2,"featured_media":0,"comment_status":"open","ping_status":"open","sticky":false,"template":"","format":"standard","meta":{"footnotes":""},"categories":[],"tags":[],"class_list":["post-245","post","type-post","status-publish","format-standard","hentry"],"_links":{"self":[{"href":"https:\/\/vfb1.de\/vfb\/wp-json\/wp\/v2\/posts\/245","targetHints":{"allow":["GET"]}}],"collection":[{"href":"https:\/\/vfb1.de\/vfb\/wp-json\/wp\/v2\/posts"}],"about":[{"href":"https:\/\/vfb1.de\/vfb\/wp-json\/wp\/v2\/types\/post"}],"author":[{"embeddable":true,"href":"https:\/\/vfb1.de\/vfb\/wp-json\/wp\/v2\/users\/2"}],"replies":[{"embeddable":true,"href":"https:\/\/vfb1.de\/vfb\/wp-json\/wp\/v2\/comments?post=245"}],"version-history":[{"count":0,"href":"https:\/\/vfb1.de\/vfb\/wp-json\/wp\/v2\/posts\/245\/revisions"}],"wp:attachment":[{"href":"https:\/\/vfb1.de\/vfb\/wp-json\/wp\/v2\/media?parent=245"}],"wp:term":[{"taxonomy":"category","embeddable":true,"href":"https:\/\/vfb1.de\/vfb\/wp-json\/wp\/v2\/categories?post=245"},{"taxonomy":"post_tag","embeddable":true,"href":"https:\/\/vfb1.de\/vfb\/wp-json\/wp\/v2\/tags?post=245"}],"curies":[{"name":"wp","href":"https:\/\/api.w.org\/{rel}","templated":true}]}}