{"id":244,"date":"2019-05-28T00:00:00","date_gmt":"2019-05-28T00:00:00","guid":{"rendered":"https:\/\/vfb1.de\/vfb\/2019\/05\/28\/vfb-stuttgart-steigt-wieder-ab\/"},"modified":"2019-05-28T00:00:00","modified_gmt":"2019-05-28T00:00:00","slug":"vfb-stuttgart-steigt-wieder-ab","status":"publish","type":"post","link":"https:\/\/vfb1.de\/vfb\/2019\/05\/28\/vfb-stuttgart-steigt-wieder-ab\/","title":{"rendered":"VfB Stuttgart steigt wieder ab"},"content":{"rendered":"<p>Jetzt hat es den VfB Stuttgart nun doch erwischt: Zum dritten Mal ist der VfB in seiner Vereinsgeschichte abgestiegen. Nach dem 0:0 im Relegationsr\u00fcckspiel sitzt der Frust tief. Der Abstieg kam allerdings mit Ansage und war nur konsequente Folge der abgelaufenen Saison.<br \/>\n<br \/>\u0084Das ist ein Tiefpunkt einer Horrorsaison\u0093, lautete der n\u00fcchterne Kommentar von VfB-Interimstrainer Nico Willig, nachdem es der VfB verpasste, den Klassenerhalt aus eigener Kraft zu schaffen. Zu viele Chancen lie\u00df der k\u00fcnftige Zweitligist ungenutzt.<br \/>\n<br \/>VfB-Kapit\u00e4n Christian Gentner gestand ein, dass der Abstieg mit einer solchen Leistung in Ordnung geht: \u0084Im Team herrscht eine gro\u00dfe Leere. Wir haben die Chance, \u00fcber zwei zus\u00e4tzliche Spiele die Klasse zu halten, leider nicht genutzt. Insgesamt war das zu wenig, um in der Liga zu bleiben. \u00dcber beide Spiele hinweg waren wir nicht die klar bessere Mannschaft. Nun m\u00fcssen wir uns neu aufstellen.\u0093<br \/>\n(jd)<\/p>\n","protected":false},"excerpt":{"rendered":"<p>Jetzt hat es den VfB Stuttgart nun doch erwischt: Zum dritten Mal ist der VfB in seiner Vereinsgeschichte abgestiegen. Nach&hellip;<\/p>\n","protected":false},"author":2,"featured_media":0,"comment_status":"open","ping_status":"open","sticky":false,"template":"","format":"standard","meta":{"footnotes":""},"categories":[],"tags":[],"class_list":["post-244","post","type-post","status-publish","format-standard","hentry"],"_links":{"self":[{"href":"https:\/\/vfb1.de\/vfb\/wp-json\/wp\/v2\/posts\/244","targetHints":{"allow":["GET"]}}],"collection":[{"href":"https:\/\/vfb1.de\/vfb\/wp-json\/wp\/v2\/posts"}],"about":[{"href":"https:\/\/vfb1.de\/vfb\/wp-json\/wp\/v2\/types\/post"}],"author":[{"embeddable":true,"href":"https:\/\/vfb1.de\/vfb\/wp-json\/wp\/v2\/users\/2"}],"replies":[{"embeddable":true,"href":"https:\/\/vfb1.de\/vfb\/wp-json\/wp\/v2\/comments?post=244"}],"version-history":[{"count":0,"href":"https:\/\/vfb1.de\/vfb\/wp-json\/wp\/v2\/posts\/244\/revisions"}],"wp:attachment":[{"href":"https:\/\/vfb1.de\/vfb\/wp-json\/wp\/v2\/media?parent=244"}],"wp:term":[{"taxonomy":"category","embeddable":true,"href":"https:\/\/vfb1.de\/vfb\/wp-json\/wp\/v2\/categories?post=244"},{"taxonomy":"post_tag","embeddable":true,"href":"https:\/\/vfb1.de\/vfb\/wp-json\/wp\/v2\/tags?post=244"}],"curies":[{"name":"wp","href":"https:\/\/api.w.org\/{rel}","templated":true}]}}