{"id":243,"date":"2019-05-27T00:00:00","date_gmt":"2019-05-27T00:00:00","guid":{"rendered":"https:\/\/vfb1.de\/vfb\/2019\/05\/27\/vfb-stuttgart-willig-gibt-den-mentalcoach\/"},"modified":"2019-05-27T00:00:00","modified_gmt":"2019-05-27T00:00:00","slug":"vfb-stuttgart-willig-gibt-den-mentalcoach","status":"publish","type":"post","link":"https:\/\/vfb1.de\/vfb\/2019\/05\/27\/vfb-stuttgart-willig-gibt-den-mentalcoach\/","title":{"rendered":"VfB Stuttgart: Willig gibt den Mentalcoach"},"content":{"rendered":"<p>Er hat seinen Vater in den Tagen vor dem R\u00fcckspiel der Relegation \u00f6fters um Rat gefragt, denn dieser ist Psychologe: VfB-Interimstrainer Nico Willig \u00fcbte sich in den vergangenen Tagen in erster Linie als Mentalcoach, denn nach dem 2:2 im Hinspiel steht der VfB Stuttgart unter gr\u00f6\u00dferem Druck als Union Berlin.<br \/>\n<br \/>\u0084Wir haben nun ein Finale vor uns, da spielen Wahrscheinlichkeiten \u00fcberhaupt keine Rolle. Es wird nun davon abh\u00e4ngen, welche der beiden Mannschaften in dieser Drucksituation, mit dem Wissen um was es geht, die bessere Leistung abruft\u0093, \u00e4u\u00dferte er sich vor der Partie. Der VfB m\u00fcsse sich lediglich auf die eigenen St\u00e4rken und das eigene Spiel konzentrieren, dann sei der n\u00f6tige Sieg auch machbar: \u0084Wir haben es in der eigenen Hand, wir m\u00fcssen jetzt einfach gut sein und Dinge, die am Donnerstag im Hinspiel nicht so gut waren, wesentlich besser machen.\u0093<br \/>\n<br \/>Er fordert zwingendere Aktionen nach vorne und eine stabilere Defensive. Ob Daniel Didavi zum Einsatz kommt, ist wieder einmal fraglich, denn er plagt sich mit muskul\u00e4ren Problemen herum. Santiago Ascacibar kann nach seiner abgelaufenen Rotsperre dagegen wieder zum Einsatz kommen. Und trotz des Drucks freut sich Willig auf die Herausforderung: \u0084Jeder Leistungssportler liebt diese Spiele, da hast du eine Spannung im K\u00f6rper, die es sonst nur selten gibt im Leben.\u0093<br \/>\n(jd)<\/p>\n","protected":false},"excerpt":{"rendered":"<p>Er hat seinen Vater in den Tagen vor dem R\u00fcckspiel der Relegation \u00f6fters um Rat gefragt, denn dieser ist Psychologe:&hellip;<\/p>\n","protected":false},"author":2,"featured_media":0,"comment_status":"open","ping_status":"open","sticky":false,"template":"","format":"standard","meta":{"footnotes":""},"categories":[],"tags":[],"class_list":["post-243","post","type-post","status-publish","format-standard","hentry"],"_links":{"self":[{"href":"https:\/\/vfb1.de\/vfb\/wp-json\/wp\/v2\/posts\/243","targetHints":{"allow":["GET"]}}],"collection":[{"href":"https:\/\/vfb1.de\/vfb\/wp-json\/wp\/v2\/posts"}],"about":[{"href":"https:\/\/vfb1.de\/vfb\/wp-json\/wp\/v2\/types\/post"}],"author":[{"embeddable":true,"href":"https:\/\/vfb1.de\/vfb\/wp-json\/wp\/v2\/users\/2"}],"replies":[{"embeddable":true,"href":"https:\/\/vfb1.de\/vfb\/wp-json\/wp\/v2\/comments?post=243"}],"version-history":[{"count":0,"href":"https:\/\/vfb1.de\/vfb\/wp-json\/wp\/v2\/posts\/243\/revisions"}],"wp:attachment":[{"href":"https:\/\/vfb1.de\/vfb\/wp-json\/wp\/v2\/media?parent=243"}],"wp:term":[{"taxonomy":"category","embeddable":true,"href":"https:\/\/vfb1.de\/vfb\/wp-json\/wp\/v2\/categories?post=243"},{"taxonomy":"post_tag","embeddable":true,"href":"https:\/\/vfb1.de\/vfb\/wp-json\/wp\/v2\/tags?post=243"}],"curies":[{"name":"wp","href":"https:\/\/api.w.org\/{rel}","templated":true}]}}