{"id":241,"date":"2019-05-25T00:00:00","date_gmt":"2019-05-25T00:00:00","guid":{"rendered":"https:\/\/vfb1.de\/vfb\/2019\/05\/25\/vfb-stuttgart-dietrich-schiebt-druck-nach-berlin\/"},"modified":"2019-05-25T00:00:00","modified_gmt":"2019-05-25T00:00:00","slug":"vfb-stuttgart-dietrich-schiebt-druck-nach-berlin","status":"publish","type":"post","link":"https:\/\/vfb1.de\/vfb\/2019\/05\/25\/vfb-stuttgart-dietrich-schiebt-druck-nach-berlin\/","title":{"rendered":"VfB Stuttgart: Dietrich schiebt Druck nach Berlin"},"content":{"rendered":"<p>Grund zu feiern hatte der VfB Stuttgart jetzt schon: Die Junioren der U19-Mannschaft wurden Pokalsieger. Die Profis k\u00e4mpfen derzeit dagegen noch darum, om Oberhaus der Bundesliga bleiben zu d\u00fcrfen. Nach dem 2:2 im Hinspiel zu Hause d\u00fcrfte wohl nur ein Sieg zum Klassenerhalt reichen. Doch VfB-Pr\u00e4sident Wolfgang Dietrich schiebt den Druck zum Gegner.<br \/>\n<br \/>\u0084Die m\u00fcssen jetzt auch gewinnen. Ich hoffe, dass wir am Montag ein bis zwei Tore schie\u00dfen k\u00f6nnen und dass unsere Abwehr wieder so stabil steht wie in den vergangenen Bundesliga-Wochen\u0093, so Dietrich gegen\u00fcber einer Stuttgarter Tageszeitung.&nbsp; \u0084Wir haben eigentlich eigentlich die bessere Mannschaft als Union\u0093, ist er sich sicher. Entscheidend ist jedoch, ob sie den Beweis auch antreten kann.<br \/>\n<br \/>\u0084Man braucht Optimismus im Gesch\u00e4ft, ohne geht es nicht. Nach einer gewissen Niedergeschlagenheit nach dem Hinspiel habe ich mit einzelnen Verantwortlichen gesprochen \u0096 und ich glaube nach diesen Gespr\u00e4chen daran, dass wir den Bock in Berlin umschmei\u00dfen k\u00f6nnen\u0093, zeigt sich Dietrich zuversichtlich.<br \/>\n<br \/>VfB-Sportvorstand Thomas Hitzlsperger glaubt ebenfalls an einen Sieg: \u0084Jetzt wissen wir endg\u00fcltig, was auf uns zukommt und k\u00f6nnen die Dinge bei Union vielleicht ein bisschen besser einsch\u00e4tzen.\u0093<br \/>\n(cm)<\/p>\n","protected":false},"excerpt":{"rendered":"<p>Grund zu feiern hatte der VfB Stuttgart jetzt schon: Die Junioren der U19-Mannschaft wurden Pokalsieger. Die Profis k\u00e4mpfen derzeit dagegen&hellip;<\/p>\n","protected":false},"author":2,"featured_media":0,"comment_status":"open","ping_status":"open","sticky":false,"template":"","format":"standard","meta":{"footnotes":""},"categories":[],"tags":[],"class_list":["post-241","post","type-post","status-publish","format-standard","hentry"],"_links":{"self":[{"href":"https:\/\/vfb1.de\/vfb\/wp-json\/wp\/v2\/posts\/241","targetHints":{"allow":["GET"]}}],"collection":[{"href":"https:\/\/vfb1.de\/vfb\/wp-json\/wp\/v2\/posts"}],"about":[{"href":"https:\/\/vfb1.de\/vfb\/wp-json\/wp\/v2\/types\/post"}],"author":[{"embeddable":true,"href":"https:\/\/vfb1.de\/vfb\/wp-json\/wp\/v2\/users\/2"}],"replies":[{"embeddable":true,"href":"https:\/\/vfb1.de\/vfb\/wp-json\/wp\/v2\/comments?post=241"}],"version-history":[{"count":0,"href":"https:\/\/vfb1.de\/vfb\/wp-json\/wp\/v2\/posts\/241\/revisions"}],"wp:attachment":[{"href":"https:\/\/vfb1.de\/vfb\/wp-json\/wp\/v2\/media?parent=241"}],"wp:term":[{"taxonomy":"category","embeddable":true,"href":"https:\/\/vfb1.de\/vfb\/wp-json\/wp\/v2\/categories?post=241"},{"taxonomy":"post_tag","embeddable":true,"href":"https:\/\/vfb1.de\/vfb\/wp-json\/wp\/v2\/tags?post=241"}],"curies":[{"name":"wp","href":"https:\/\/api.w.org\/{rel}","templated":true}]}}