{"id":240,"date":"2019-05-24T00:00:00","date_gmt":"2019-05-24T00:00:00","guid":{"rendered":"https:\/\/vfb1.de\/vfb\/2019\/05\/24\/vfb-stuttgart-vergibt-zweimal-die-fuehrung\/"},"modified":"2019-05-24T00:00:00","modified_gmt":"2019-05-24T00:00:00","slug":"vfb-stuttgart-vergibt-zweimal-die-fuehrung","status":"publish","type":"post","link":"https:\/\/vfb1.de\/vfb\/2019\/05\/24\/vfb-stuttgart-vergibt-zweimal-die-fuehrung\/","title":{"rendered":"VfB Stuttgart vergibt zweimal die F\u00fchrung"},"content":{"rendered":"<p>Der Klassenerhalt ist f\u00fcr den VfB Stuttgart ein weitere St\u00fcck in Entfernung ger\u00fcckt. Zweimal ging der VfB in F\u00fchrung und kassierte beide Male kurz danach den Ausgleich. Nach dem 2:2 in der heimischen Mercede-Benz Arena muss der VfB ausw\u00e4rts gewinnen, um gegen Union Berlin die Nase vorne zu behalten.<br \/>\n<br \/>Der VfB verspr\u00fchte alles andere als Selbstsicherheit. Als Favorit war die Mannschaft nicht zu erkennen. Immerhin brachte ausgerechnet VfB-Kapit\u00e4n Christian Gentner nach Zusammenspiel mit Anastasios Donis den VfB mit 1:0 in F\u00fchrung. Postwendend kassierte der VfB aber keine zwei Minuten sp\u00e4ter den Ausgleich.<br \/>\n<br \/>Kurz nach Beginn der zweiten Halbzeit richtete es wieder ein VfB-Routinier: Der eingewechselte Mario Gomez traf in der 51. Minute zur erneuten F\u00fchrung, doch in der 68. Minute schlief die Stuttgarter Defensive erneut und lie\u00df das 2:2 geschehen. Es h\u00e4tte sogar noch schlimmer kommen k\u00f6nnen, wenn VfB-Torh\u00fcter Ron-Robert Zieler in der Schlussphase nicht zweimal mit Paraden gegl\u00e4nzt h\u00e4tte.<br \/>\n<br \/>VfB-Trainer Nico Willig zeigte sich sichtlich entt\u00e4uscht: \u0084Wir haben uns das Spiel sicherlich anders vorgestellt. Wir f\u00fchlen uns jetzt wie ein Boxer, der eine abbekommen hat.\u0093&nbsp; F\u00fcr das R\u00fcckspiel erwartet er eine Reaktion seiner Profis, die \u0084mehr Mut\u0093 und \u0084mehr Aggressivit\u00e4t\u0093 ans Werk gehen sollen. Aufgrund der Ausgangslage kann es durchaus eher das gro\u00dfe Zittern sein.<br \/>\n(jd)<\/p>\n","protected":false},"excerpt":{"rendered":"<p>Der Klassenerhalt ist f\u00fcr den VfB Stuttgart ein weitere St\u00fcck in Entfernung ger\u00fcckt. Zweimal ging der VfB in F\u00fchrung und&hellip;<\/p>\n","protected":false},"author":2,"featured_media":0,"comment_status":"open","ping_status":"open","sticky":false,"template":"","format":"standard","meta":{"footnotes":""},"categories":[],"tags":[],"class_list":["post-240","post","type-post","status-publish","format-standard","hentry"],"_links":{"self":[{"href":"https:\/\/vfb1.de\/vfb\/wp-json\/wp\/v2\/posts\/240","targetHints":{"allow":["GET"]}}],"collection":[{"href":"https:\/\/vfb1.de\/vfb\/wp-json\/wp\/v2\/posts"}],"about":[{"href":"https:\/\/vfb1.de\/vfb\/wp-json\/wp\/v2\/types\/post"}],"author":[{"embeddable":true,"href":"https:\/\/vfb1.de\/vfb\/wp-json\/wp\/v2\/users\/2"}],"replies":[{"embeddable":true,"href":"https:\/\/vfb1.de\/vfb\/wp-json\/wp\/v2\/comments?post=240"}],"version-history":[{"count":0,"href":"https:\/\/vfb1.de\/vfb\/wp-json\/wp\/v2\/posts\/240\/revisions"}],"wp:attachment":[{"href":"https:\/\/vfb1.de\/vfb\/wp-json\/wp\/v2\/media?parent=240"}],"wp:term":[{"taxonomy":"category","embeddable":true,"href":"https:\/\/vfb1.de\/vfb\/wp-json\/wp\/v2\/categories?post=240"},{"taxonomy":"post_tag","embeddable":true,"href":"https:\/\/vfb1.de\/vfb\/wp-json\/wp\/v2\/tags?post=240"}],"curies":[{"name":"wp","href":"https:\/\/api.w.org\/{rel}","templated":true}]}}