{"id":239,"date":"2019-05-23T00:00:00","date_gmt":"2019-05-23T00:00:00","guid":{"rendered":"https:\/\/vfb1.de\/vfb\/2019\/05\/23\/vfb-stuttgart-geht-kabak-im-falle-des-abstiegs\/"},"modified":"2019-05-23T00:00:00","modified_gmt":"2019-05-23T00:00:00","slug":"vfb-stuttgart-geht-kabak-im-falle-des-abstiegs","status":"publish","type":"post","link":"https:\/\/vfb1.de\/vfb\/2019\/05\/23\/vfb-stuttgart-geht-kabak-im-falle-des-abstiegs\/","title":{"rendered":"VfB Stuttgart: Geht Kabak im Falle des Abstiegs?"},"content":{"rendered":"<p>Der VfB Stuttgart hat g\u00fcltige Lizenzen f\u00fcr die erste wie f\u00fcr die zweite Bundesliga. Im Falle des zweiten Abstiegs in drei Jahren d\u00fcrfte der VfB aber nicht nur die erwarteten finanziellen Einbu\u00dfen hinnehmen m\u00fcssen.<br \/>\n<br \/>Der Aufsteiger der Saison in den Reigen des VfB d\u00fcrfte den Verein im Falle eines Abstiegs wohl wieder verlassen: Ozan Kabak kam im Winter f\u00fcr elf Millionen Euro. Medienberichten zufolge soll Atl\u00e9tico Madrid bereits Interesse angemeldet haben und laut Bericht einer deutschen Tageszeitung soll der 19-J\u00e4hrige den Verein f\u00fcr 15 Millionen Euro beim Sturz in die zweite Liga verlassen d\u00fcrfen.<br \/>\n <br \/>Millionenverluste drohen durch die Mindereinnahmen aus TV-Geldern: 38,5 Millionen Euro erhielt der VfB in der vergangenen Saison. In der Zweitligasaison davor waren es als Spitzenwert der zweiten Liga immerhin noch 30 Millionen Euro. Eine Einbu\u00dfe droht in jedem Fall.<br \/>\n<br \/>Die Suche nach weiteren Investoren d\u00fcrfte nicht einfacher werden. Nach Ausgliederung der Profiabteilung stieg Daimler f\u00fcr 41,5 Millionen Euro beim VfB ein und erwarb damit 11,75 Prozent der Anteile. Der zweite gro\u00dfe Geldgeber l\u00e4sst weiter auf sich warten. Und VfB-Pr\u00e4sident Wolfgang Dietrich, der intensiv f\u00fcr die Ausgliederung warb, d\u00fcrfte die beste Zeit aufgrund der anhaltenden Kritik im Falle des Abstiegs wohl auch hinter sich haben.<br \/>\n(jd)<\/p>\n","protected":false},"excerpt":{"rendered":"<p>Der VfB Stuttgart hat g\u00fcltige Lizenzen f\u00fcr die erste wie f\u00fcr die zweite Bundesliga. Im Falle des zweiten Abstiegs in&hellip;<\/p>\n","protected":false},"author":2,"featured_media":0,"comment_status":"open","ping_status":"open","sticky":false,"template":"","format":"standard","meta":{"footnotes":""},"categories":[],"tags":[],"class_list":["post-239","post","type-post","status-publish","format-standard","hentry"],"_links":{"self":[{"href":"https:\/\/vfb1.de\/vfb\/wp-json\/wp\/v2\/posts\/239","targetHints":{"allow":["GET"]}}],"collection":[{"href":"https:\/\/vfb1.de\/vfb\/wp-json\/wp\/v2\/posts"}],"about":[{"href":"https:\/\/vfb1.de\/vfb\/wp-json\/wp\/v2\/types\/post"}],"author":[{"embeddable":true,"href":"https:\/\/vfb1.de\/vfb\/wp-json\/wp\/v2\/users\/2"}],"replies":[{"embeddable":true,"href":"https:\/\/vfb1.de\/vfb\/wp-json\/wp\/v2\/comments?post=239"}],"version-history":[{"count":0,"href":"https:\/\/vfb1.de\/vfb\/wp-json\/wp\/v2\/posts\/239\/revisions"}],"wp:attachment":[{"href":"https:\/\/vfb1.de\/vfb\/wp-json\/wp\/v2\/media?parent=239"}],"wp:term":[{"taxonomy":"category","embeddable":true,"href":"https:\/\/vfb1.de\/vfb\/wp-json\/wp\/v2\/categories?post=239"},{"taxonomy":"post_tag","embeddable":true,"href":"https:\/\/vfb1.de\/vfb\/wp-json\/wp\/v2\/tags?post=239"}],"curies":[{"name":"wp","href":"https:\/\/api.w.org\/{rel}","templated":true}]}}