{"id":238,"date":"2019-05-22T00:00:00","date_gmt":"2019-05-22T00:00:00","guid":{"rendered":"https:\/\/vfb1.de\/vfb\/2019\/05\/22\/vfb-stuttgart-hat-keine-personalsorgen\/"},"modified":"2019-05-22T00:00:00","modified_gmt":"2019-05-22T00:00:00","slug":"vfb-stuttgart-hat-keine-personalsorgen","status":"publish","type":"post","link":"https:\/\/vfb1.de\/vfb\/2019\/05\/22\/vfb-stuttgart-hat-keine-personalsorgen\/","title":{"rendered":"VfB Stuttgart hat keine Personalsorgen"},"content":{"rendered":"<p>\u0084Personell sieht es sehr gut aus.\u0093 Mit dieser Aussicht blickt VfB-Interimstrainer Nico Willig positiv dem Hinspiel in der Relegation gegen Union Berlin entgegen. Steven Zuber und Erik Thommy sind nach ihren Verletzungen wider ins Training eingestiegen. Lediglich Andreas Beck fehlt nach seiner Operation aufgrund eines Meniskus-Einrisses am rechten Knie. Und Santiago Ascacibar ist f\u00fcr das Hinspiel noch gesperrt. Beim R\u00fcckspiel kann auch er wieder ins Geschehen eingreifen.<br \/>\n<br \/>In der heimischen Mercedes-Benz Arena hofft Willig auf den R\u00fcckhalt aus der Fankurve: \u0084Es war vor allem auch f\u00fcr die Fans eine sehr schwierige Saison. Aber jetzt brauchen wir die Fans mehr denn je, die uns in jeglicher Form unterst\u00fctzen und positiv nach vorne pushen.\u0093<br \/>\n<br \/>Die Relegation sieht Willig als Chance, um Wiedergutmachung zu betreiben, denn die Saison sei alles andere als wunschgem\u00e4\u00df verlaufen. Gegen Union Berlin m\u00fcsse der VfB geduldig und laufstark sein. Willig versichert aber, dass die Profis w\u00fcssten, was die Stunde geschlagen habe und voll konzentriert in die Relegationsspiele gehen w\u00fcrden: \u0084Es sind zwei Spiele, 180 Minuten, oder mehr. Die Vorfreude auf Donnerstag ist riesig. Aber die Relegation wird nicht nur in einem der beiden Spiele entschieden. Das m\u00fcssen wir im Hinterkopf haben und strategisch an die Sache gehen.\u0093<br \/>\n(cm)<\/p>\n","protected":false},"excerpt":{"rendered":"<p>\u0084Personell sieht es sehr gut aus.\u0093 Mit dieser Aussicht blickt VfB-Interimstrainer Nico Willig positiv dem Hinspiel in der Relegation gegen&hellip;<\/p>\n","protected":false},"author":2,"featured_media":0,"comment_status":"open","ping_status":"open","sticky":false,"template":"","format":"standard","meta":{"footnotes":""},"categories":[],"tags":[],"class_list":["post-238","post","type-post","status-publish","format-standard","hentry"],"_links":{"self":[{"href":"https:\/\/vfb1.de\/vfb\/wp-json\/wp\/v2\/posts\/238","targetHints":{"allow":["GET"]}}],"collection":[{"href":"https:\/\/vfb1.de\/vfb\/wp-json\/wp\/v2\/posts"}],"about":[{"href":"https:\/\/vfb1.de\/vfb\/wp-json\/wp\/v2\/types\/post"}],"author":[{"embeddable":true,"href":"https:\/\/vfb1.de\/vfb\/wp-json\/wp\/v2\/users\/2"}],"replies":[{"embeddable":true,"href":"https:\/\/vfb1.de\/vfb\/wp-json\/wp\/v2\/comments?post=238"}],"version-history":[{"count":0,"href":"https:\/\/vfb1.de\/vfb\/wp-json\/wp\/v2\/posts\/238\/revisions"}],"wp:attachment":[{"href":"https:\/\/vfb1.de\/vfb\/wp-json\/wp\/v2\/media?parent=238"}],"wp:term":[{"taxonomy":"category","embeddable":true,"href":"https:\/\/vfb1.de\/vfb\/wp-json\/wp\/v2\/categories?post=238"},{"taxonomy":"post_tag","embeddable":true,"href":"https:\/\/vfb1.de\/vfb\/wp-json\/wp\/v2\/tags?post=238"}],"curies":[{"name":"wp","href":"https:\/\/api.w.org\/{rel}","templated":true}]}}