{"id":236,"date":"2019-05-20T00:00:00","date_gmt":"2019-05-20T00:00:00","guid":{"rendered":"https:\/\/vfb1.de\/vfb\/2019\/05\/20\/vfb-stuttgart-tim-walter-soll-es-richten\/"},"modified":"2019-05-20T00:00:00","modified_gmt":"2019-05-20T00:00:00","slug":"vfb-stuttgart-tim-walter-soll-es-richten","status":"publish","type":"post","link":"https:\/\/vfb1.de\/vfb\/2019\/05\/20\/vfb-stuttgart-tim-walter-soll-es-richten\/","title":{"rendered":"VfB Stuttgart: Tim Walter soll es richten"},"content":{"rendered":"<p>Der VfB Stuttgart hat mit Beginn der kommenden Saison einen neuen Trainer. Mit dem 43-J\u00e4hrigen Tim Walter sind die Verhandlungen abgeschlossen. Der bisherige Trainer des Zweitligisten Holstein Kiel erh\u00e4lt laut Verein einen Vertrag bis zum 30.06.2021.<br \/>\n<br \/>VfB-Sportvorstand Thomas Hitzslperger scheint seinen Wunschkandidaten gefunden zu haben: \u0084In unseren gemeinsamen Gespr\u00e4chen wurde sehr schnell deutlich, dass Tim Walter mit seiner Art und mit seiner Idee vom mutigen, offensiven Fu\u00dfball hervorragend zum VfB passt. Gemeinsam wollen wir k\u00fcnftig den Blick verst\u00e4rkt auf den eigenen Nachwuchs richten.\u0093<br \/>\n<br \/>VfB-Sportdirektor Sven Mislintat stimmt in das Loblied ein: \u0084Tim Walter steht f\u00fcr leidenschaftliche Arbeit und eine offensive Grundausrichtung und er hat durch seine Stationen im Nachwuchsbereich auch einen sehr guten Blick und ein gutes Gesp\u00fcr f\u00fcr die Arbeit mit Talenten. Wir sind sicher, dass Tim gut zum VfB passt und wir gemeinsam einiges bewegen k\u00f6nnen.\u0093<br \/>\n(jd)<\/p>\n","protected":false},"excerpt":{"rendered":"<p>Der VfB Stuttgart hat mit Beginn der kommenden Saison einen neuen Trainer. Mit dem 43-J\u00e4hrigen Tim Walter sind die Verhandlungen&hellip;<\/p>\n","protected":false},"author":2,"featured_media":0,"comment_status":"open","ping_status":"open","sticky":false,"template":"","format":"standard","meta":{"footnotes":""},"categories":[],"tags":[],"class_list":["post-236","post","type-post","status-publish","format-standard","hentry"],"_links":{"self":[{"href":"https:\/\/vfb1.de\/vfb\/wp-json\/wp\/v2\/posts\/236","targetHints":{"allow":["GET"]}}],"collection":[{"href":"https:\/\/vfb1.de\/vfb\/wp-json\/wp\/v2\/posts"}],"about":[{"href":"https:\/\/vfb1.de\/vfb\/wp-json\/wp\/v2\/types\/post"}],"author":[{"embeddable":true,"href":"https:\/\/vfb1.de\/vfb\/wp-json\/wp\/v2\/users\/2"}],"replies":[{"embeddable":true,"href":"https:\/\/vfb1.de\/vfb\/wp-json\/wp\/v2\/comments?post=236"}],"version-history":[{"count":0,"href":"https:\/\/vfb1.de\/vfb\/wp-json\/wp\/v2\/posts\/236\/revisions"}],"wp:attachment":[{"href":"https:\/\/vfb1.de\/vfb\/wp-json\/wp\/v2\/media?parent=236"}],"wp:term":[{"taxonomy":"category","embeddable":true,"href":"https:\/\/vfb1.de\/vfb\/wp-json\/wp\/v2\/categories?post=236"},{"taxonomy":"post_tag","embeddable":true,"href":"https:\/\/vfb1.de\/vfb\/wp-json\/wp\/v2\/tags?post=236"}],"curies":[{"name":"wp","href":"https:\/\/api.w.org\/{rel}","templated":true}]}}