{"id":231,"date":"2019-05-15T00:00:00","date_gmt":"2019-05-15T00:00:00","guid":{"rendered":"https:\/\/vfb1.de\/vfb\/2019\/05\/15\/vfb-stuttgart-praesentiert-zweiten-neuzugang\/"},"modified":"2019-05-15T00:00:00","modified_gmt":"2019-05-15T00:00:00","slug":"vfb-stuttgart-praesentiert-zweiten-neuzugang","status":"publish","type":"post","link":"https:\/\/vfb1.de\/vfb\/2019\/05\/15\/vfb-stuttgart-praesentiert-zweiten-neuzugang\/","title":{"rendered":"VfB Stuttgart pr\u00e4sentiert zweiten Neuzugang"},"content":{"rendered":"<p>Wirft der neue potenzielle Trainer des VfB Stuttgart bereits seine Schatten voraus? Der VfB steht jedenfalls mit Tim Walter in Verhandlungen, der momentan noch Trainer in Holstein Kiel ist. Und just aus diesem Verein kommt der zweite Neuzugang, den der VfB f\u00fcr die kommende Saison pr\u00e4sentiert.<br \/>\n<br \/>Eigenen Angaben zufolge erh\u00e4lt der 22-J\u00e4hrige Atakan Karazor einen Vertrag bis zum 30. Juni 2023. Der Mittelfeldspieler absolvierte in der laufenden Spielzeit 21 Ligaspiele. Dabei gelangen ihm zwei Tore. Zwei weitere Torvorlagen gehen ebenfalls auf sein Konto.<br \/>\n<br \/>VfB-Sportvorstand Thomas Hitzlsperger ist sich sicher, dass er k\u00fcnftig eine tragende Rolle beim VfB spielen kann: \u0084Wir haben ihn \u00fcber einen l\u00e4ngeren Zeitraum beobachtet und sind von seinen Qualit\u00e4ten und von seiner Perspektive \u00fcberzeugt. Wir trauen ihm zu, seine positive Entwicklung bei uns fortzusetzen und eine wichtige Rolle in unserer Mannschaft zu \u00fcbernehmen.\u0093<br \/>\n(jd)<\/p>\n","protected":false},"excerpt":{"rendered":"<p>Wirft der neue potenzielle Trainer des VfB Stuttgart bereits seine Schatten voraus? Der VfB steht jedenfalls mit Tim Walter in&hellip;<\/p>\n","protected":false},"author":2,"featured_media":0,"comment_status":"open","ping_status":"open","sticky":false,"template":"","format":"standard","meta":{"footnotes":""},"categories":[],"tags":[],"class_list":["post-231","post","type-post","status-publish","format-standard","hentry"],"_links":{"self":[{"href":"https:\/\/vfb1.de\/vfb\/wp-json\/wp\/v2\/posts\/231","targetHints":{"allow":["GET"]}}],"collection":[{"href":"https:\/\/vfb1.de\/vfb\/wp-json\/wp\/v2\/posts"}],"about":[{"href":"https:\/\/vfb1.de\/vfb\/wp-json\/wp\/v2\/types\/post"}],"author":[{"embeddable":true,"href":"https:\/\/vfb1.de\/vfb\/wp-json\/wp\/v2\/users\/2"}],"replies":[{"embeddable":true,"href":"https:\/\/vfb1.de\/vfb\/wp-json\/wp\/v2\/comments?post=231"}],"version-history":[{"count":0,"href":"https:\/\/vfb1.de\/vfb\/wp-json\/wp\/v2\/posts\/231\/revisions"}],"wp:attachment":[{"href":"https:\/\/vfb1.de\/vfb\/wp-json\/wp\/v2\/media?parent=231"}],"wp:term":[{"taxonomy":"category","embeddable":true,"href":"https:\/\/vfb1.de\/vfb\/wp-json\/wp\/v2\/categories?post=231"},{"taxonomy":"post_tag","embeddable":true,"href":"https:\/\/vfb1.de\/vfb\/wp-json\/wp\/v2\/tags?post=231"}],"curies":[{"name":"wp","href":"https:\/\/api.w.org\/{rel}","templated":true}]}}