{"id":229,"date":"2019-05-13T00:00:00","date_gmt":"2019-05-13T00:00:00","guid":{"rendered":"https:\/\/vfb1.de\/vfb\/2019\/05\/13\/vfb-stuttgart-gentner-brodelt\/"},"modified":"2019-05-13T00:00:00","modified_gmt":"2019-05-13T00:00:00","slug":"vfb-stuttgart-gentner-brodelt","status":"publish","type":"post","link":"https:\/\/vfb1.de\/vfb\/2019\/05\/13\/vfb-stuttgart-gentner-brodelt\/","title":{"rendered":"VfB Stuttgart: Gentner brodelt"},"content":{"rendered":"<p>Der VfB Stuttgart hat gegen den VfL Wolfsburg eine eindrucksvolle Leistung hingelegt und verdient mit 3:0 gewonnen. Damit ist die Relegation sicher und der Klassenerhalt ist im Bereich des M\u00f6glichen. Gegner wird Union Berlin oder Paderborn sein. Dennoch rumort es hinter den Kulissen.<br \/>\n<br \/>Insbesondere VfB-Kapit\u00e4n Christian Gentner brodelt: &quot;Es gibt ein paar Dinge, die mir nicht passen, die mir auf den Sack gehen&quot;, wird der 33-J\u00e4hrige von einem Online-Dienst zitiert. Damit kann entweder die permanente Unruhe im Laufe der Saison auf allen Ebenen wie F\u00fchrung, Management, Trainer und Kader gemeint sein. Oder aber seine ungewisse Zukunft, denn sein Vertrag l\u00e4uft aus und laut einem Branchenblatt w\u00fcrden Gespr\u00e4che \u00fcber eine Verl\u00e4ngerung auf Eis liegen.<br \/>\n<br \/>F\u00fcr die Offensive sucht der VfB in jedem Fall nach Verst\u00e4rkung, denn obwohl der Vertrag von Mario Gomez noch bis 2020 l\u00e4uft, sah er die letzten Spiele als Zuschauer von der Bank aus. Angeblich ist der VfB daher weiterhin um Dortmunds Maximilian Philipp bem\u00fcht und soll ausgeliehen werden.<br \/>\n(rf)<\/p>\n","protected":false},"excerpt":{"rendered":"<p>Der VfB Stuttgart hat gegen den VfL Wolfsburg eine eindrucksvolle Leistung hingelegt und verdient mit 3:0 gewonnen. Damit ist die&hellip;<\/p>\n","protected":false},"author":2,"featured_media":0,"comment_status":"open","ping_status":"open","sticky":false,"template":"","format":"standard","meta":{"footnotes":""},"categories":[],"tags":[],"class_list":["post-229","post","type-post","status-publish","format-standard","hentry"],"_links":{"self":[{"href":"https:\/\/vfb1.de\/vfb\/wp-json\/wp\/v2\/posts\/229","targetHints":{"allow":["GET"]}}],"collection":[{"href":"https:\/\/vfb1.de\/vfb\/wp-json\/wp\/v2\/posts"}],"about":[{"href":"https:\/\/vfb1.de\/vfb\/wp-json\/wp\/v2\/types\/post"}],"author":[{"embeddable":true,"href":"https:\/\/vfb1.de\/vfb\/wp-json\/wp\/v2\/users\/2"}],"replies":[{"embeddable":true,"href":"https:\/\/vfb1.de\/vfb\/wp-json\/wp\/v2\/comments?post=229"}],"version-history":[{"count":0,"href":"https:\/\/vfb1.de\/vfb\/wp-json\/wp\/v2\/posts\/229\/revisions"}],"wp:attachment":[{"href":"https:\/\/vfb1.de\/vfb\/wp-json\/wp\/v2\/media?parent=229"}],"wp:term":[{"taxonomy":"category","embeddable":true,"href":"https:\/\/vfb1.de\/vfb\/wp-json\/wp\/v2\/categories?post=229"},{"taxonomy":"post_tag","embeddable":true,"href":"https:\/\/vfb1.de\/vfb\/wp-json\/wp\/v2\/tags?post=229"}],"curies":[{"name":"wp","href":"https:\/\/api.w.org\/{rel}","templated":true}]}}