{"id":226,"date":"2019-05-10T00:00:00","date_gmt":"2019-05-10T00:00:00","guid":{"rendered":"https:\/\/vfb1.de\/vfb\/2019\/05\/10\/vfb-stuttgart-fuenfjahresvertrag-fuer-klimovicz\/"},"modified":"2019-05-10T00:00:00","modified_gmt":"2019-05-10T00:00:00","slug":"vfb-stuttgart-fuenfjahresvertrag-fuer-klimovicz","status":"publish","type":"post","link":"https:\/\/vfb1.de\/vfb\/2019\/05\/10\/vfb-stuttgart-fuenfjahresvertrag-fuer-klimovicz\/","title":{"rendered":"VfB Stuttgart: F\u00fcnfjahresvertrag f\u00fcr Klimovicz"},"content":{"rendered":"<p>Wie vfb1.de bereits berichtete, ist der VfB Stuttgart an dem 18-J\u00e4hrigen Mateo Klimowicz vom argentinischen Zweitligisten Instituto AC Cordoba dran. Nun meldet der Verein Vollzug und pr\u00e4sentiert damit den ersten Neuzugang der kommenden Saison.<br \/>\n<br \/>Beim VfB erh\u00e4lt der Mittelfeldspieler einen Vertrag bis zum 30. Juni 2024. F\u00fcr Klimovicz geht nach eigenen Angaben damit ein Traum in Erf\u00fcllung. VfB-Sportvorstand Thomas Hitzlsperger kommentiert dies als einen weiteren Schritt, um die Mannschaft zu verj\u00fcngen: \u0084Neben Mateo wollen wir in der kommenden Saison auch Spieler aus unserem eigenen Nachwuchs vermehrt in unseren Lizenzspielerkader integrieren und auf dem Weg in den Profifu\u00dfball bestm\u00f6glich begleiten.\u0093<br \/>\n<br \/>Noch keine Antwort gibt es auf die Trainerfrage. Medien berichten zwar, dass sich der VfB mit Tim Walter, Coach des Zweitligisten Holstein Kiel, einig sei. Demnach w\u00fcrde es nur noch Verhandlungen \u00fcber die Abl\u00f6se gehen, da Walter bis 2020 an Kiel vertraglich gebunden sei. Kiels Sportchef Fabian Wohlgemuth \u00e4u\u00dferte sich dazu nur wie folgt: &quot;Es hat sich bis dato noch kein anderer Verein bei uns gemeldet. Ger\u00fcchte werden nicht wahrer, wenn sie immer wiederholt werden.&quot;<br \/>\n(rf)<\/p>\n","protected":false},"excerpt":{"rendered":"<p>Wie vfb1.de bereits berichtete, ist der VfB Stuttgart an dem 18-J\u00e4hrigen Mateo Klimowicz vom argentinischen Zweitligisten Instituto AC Cordoba dran.&hellip;<\/p>\n","protected":false},"author":2,"featured_media":0,"comment_status":"open","ping_status":"open","sticky":false,"template":"","format":"standard","meta":{"footnotes":""},"categories":[],"tags":[],"class_list":["post-226","post","type-post","status-publish","format-standard","hentry"],"_links":{"self":[{"href":"https:\/\/vfb1.de\/vfb\/wp-json\/wp\/v2\/posts\/226","targetHints":{"allow":["GET"]}}],"collection":[{"href":"https:\/\/vfb1.de\/vfb\/wp-json\/wp\/v2\/posts"}],"about":[{"href":"https:\/\/vfb1.de\/vfb\/wp-json\/wp\/v2\/types\/post"}],"author":[{"embeddable":true,"href":"https:\/\/vfb1.de\/vfb\/wp-json\/wp\/v2\/users\/2"}],"replies":[{"embeddable":true,"href":"https:\/\/vfb1.de\/vfb\/wp-json\/wp\/v2\/comments?post=226"}],"version-history":[{"count":0,"href":"https:\/\/vfb1.de\/vfb\/wp-json\/wp\/v2\/posts\/226\/revisions"}],"wp:attachment":[{"href":"https:\/\/vfb1.de\/vfb\/wp-json\/wp\/v2\/media?parent=226"}],"wp:term":[{"taxonomy":"category","embeddable":true,"href":"https:\/\/vfb1.de\/vfb\/wp-json\/wp\/v2\/categories?post=226"},{"taxonomy":"post_tag","embeddable":true,"href":"https:\/\/vfb1.de\/vfb\/wp-json\/wp\/v2\/tags?post=226"}],"curies":[{"name":"wp","href":"https:\/\/api.w.org\/{rel}","templated":true}]}}